{"id":159979,"date":"2025-11-21T12:51:12","date_gmt":"2025-11-21T12:51:12","guid":{"rendered":"https:\/\/www.europesays.com\/pt\/159979\/"},"modified":"2025-11-21T12:51:12","modified_gmt":"2025-11-21T12:51:12","slug":"ja-assisti-o-sobrevivente-e-nova-adaptacao-e-para-deixar-stephen-king-feliz","status":"publish","type":"post","link":"https:\/\/www.europesays.com\/pt\/159979\/","title":{"rendered":"J\u00e1 assisti O Sobrevivente e nova adapta\u00e7\u00e3o \u00e9 para deixar Stephen King feliz"},"content":{"rendered":"<p>\n                        Inspirado no livro de Stephen King, O Sobrevivente est\u00e1 em exibi\u00e7\u00e3o nos cinemas brasileiros, estrelado por Glen Powell.\n                    <\/p>\n<ul class=\"article__header__author\">\n<li class=\"article__header__author__item\">\n                                                Por:<br \/>\n                                                                                    Bruno Botelho dos Santos \/ Adoro Cinema\n                                                                        <\/li>\n<\/ul>\n<p class=\"text\"><a href=\"https:\/\/www.adorocinema.com\/filmes\/filme-290564\/\" rel=\"nofollow noopener\" target=\"_blank\">O Sobrevivente<\/a> est\u00e1 em exibi\u00e7\u00e3o nos cinemas brasileiros, adapta\u00e7\u00e3o de <a href=\"https:\/\/www.adorocinema.com\/personalidades\/personalidade-37782\/\" rel=\"nofollow noopener\" target=\"_blank\">Stephen King<\/a> estrelada por <a href=\"https:\/\/www.adorocinema.com\/personalidades\/personalidade-198239\/\" rel=\"nofollow noopener\" target=\"_blank\">Glen Powell<\/a> e dirigida por <a href=\"https:\/\/www.adorocinema.com\/personalidades\/personalidade-98441\/\" rel=\"nofollow noopener\" target=\"_blank\">Edgar Wright<\/a>. Mas essa n\u00e3o \u00e9 a primeira vez que a hist\u00f3ria \u00e9 levada para as telonas. Isso j\u00e1 aconteceu nos anos 80 e teve <a href=\"https:\/\/www.adorocinema.com\/personalidades\/personalidade-1067\/\" rel=\"nofollow noopener\" target=\"_blank\">Arnold Schwarzenegger<\/a> como protagonista, mas King n\u00e3o ficou nada feliz com a produ\u00e7\u00e3o.<\/p>\n<p><img loading=\"lazy\" decoding=\"async\" alt=\"\" class=\"img-fe59f2d7c039ea258136b1f89297ac3brsx77xfa\" height=\"435\" src=\"https:\/\/www.europesays.com\/pt\/wp-content\/uploads\/2025\/11\/274651446-745baf9160eafcb107de06f2059a772e.jpg\"  title=\"Paramount Pictures \/ Adoro Cinema\" width=\"774\"\/><\/p>\n<p>\nFoto: Paramount Pictures \/ Adoro Cinema\n<\/p>\n<p class=\"text\">Em 1987 foi lan\u00e7ado O Sobrevivente, inspirado no livro &#8220;O Concorrente&#8221;, escrito por Stephen King sob o pseud\u00f4nimo de Richard Bachman. Apesar da mesma premissa, a adapta\u00e7\u00e3o se distanciou bastante da obra original, se tornando um exemplar cl\u00e1ssico dos filmes a\u00e7\u00e3o e pancadaria dos anos 80, com Arnold Schwarzenegger protagonista.<\/p>\n<p class=\"text\"><a href=\"https:\/\/www.adorocinema.com\/noticias\/filmes\/noticia-1000164233\/\" rel=\"nofollow noopener\" target=\"_blank\">Stephen King odiou o filme e proibiu que seu nome fosse usado nos cr\u00e9ditos<\/a>, mas finalmente O Sobrevivente ganhou uma nova vers\u00e3o que \u00e9 fiel \u00e0 hist\u00f3ria original.<\/p>\n<p>O Sobrevivente com Glen Powell \u00e9 uma adapta\u00e7\u00e3o fiel ao livro de Stephen King<\/p>\n<p><img alt=\"\" class=\"img-159d8f9c56ba90776ce605c2d4f2b51cwytcau8e\" decoding=\"async\" height=\"435\" loading=\"lazy\" src=\"https:\/\/www.europesays.com\/pt\/wp-content\/uploads\/2025\/11\/574173708-9e99a915899cc3839dc0c05d315e566f.jpg\"  title=\"Adoro Cinema\" width=\"774\"\/><\/p>\n<p>\nFoto: Adoro Cinema\n<\/p>\n<p class=\"text\">Diferentemente do filme estrelado por Arnold Schwarzenegger, <b>a nova adapta\u00e7\u00e3o de O Sobrevivente por <\/b><b>Edgar Wright \u00e9 bem fiel \u00e0 premissa criada por Stephen King<\/b>. <\/p>\n<p class=\"text\">O filme reproduz bem na telona a narrativa fren\u00e9tica do livro com as cenas de a\u00e7\u00e3o intensas e persegui\u00e7\u00f5es implac\u00e1veis enquanto o protagonista Ben Richards, interpretado por Glen Powell, participa do reality show The Running Man. Enq\u2026<\/p>\n<p class=\"text\"><a href=\"https:\/\/www.adorocinema.com\/noticias\/filmes\/noticia-1000176322\/\" rel=\"nofollow noopener\" target=\"_blank\">Artigo original publicado em AdoroCinema<\/a><\/p>\n<p class=\"text\"><a href=\"https:\/\/www.adorocinema.com\/noticias\/filmes\/noticia-1000164233\/\" rel=\"nofollow noopener\" target=\"_blank\">Stephen King odiou tanto este filme que proibiu Hollywood de usar seu nome: \u00c9 um cl\u00e1ssico da fic\u00e7\u00e3o cient\u00edfica com Schwarzenegger<\/a><\/p>\n<p class=\"text\"><a href=\"https:\/\/www.adorocinema.com\/noticias\/filmes\/noticia-1000170827\/\" rel=\"nofollow noopener\" target=\"_blank\">Glen Powell precisou da aprova\u00e7\u00e3o de Stephen King para estrelar nova adapta\u00e7\u00e3o: &#8220;Tive que esperar a noite toda&#8230; \u00e9 terr\u00edvel&#8221;<\/a><\/p>\n<p class=\"text\"><a href=\"https:\/\/www.adorocinema.com\/noticias\/filmes\/noticia-1000174543\/\" rel=\"nofollow noopener\" target=\"_blank\">&#8220;O \u00fanico filme que eu sempre quis que fosse refeito&#8221;: Arnold Schwarzenegger aprova nova adapta\u00e7\u00e3o de Stephen King<\/a><\/p>\n","protected":false},"excerpt":{"rendered":"Inspirado no livro de Stephen King, O Sobrevivente est\u00e1 em exibi\u00e7\u00e3o nos cinemas brasileiros, estrelado por Glen Powell.&hellip;\n","protected":false},"author":2,"featured_media":159980,"comment_status":"","ping_status":"","sticky":false,"template":"","format":"standard","meta":{"footnotes":""},"categories":[140],"tags":[114,115,147,148,146,32,33],"class_list":{"0":"post-159979","1":"post","2":"type-post","3":"status-publish","4":"format-standard","5":"has-post-thumbnail","7":"category-filmes","8":"tag-entertainment","9":"tag-entretenimento","10":"tag-film","11":"tag-filmes","12":"tag-movies","13":"tag-portugal","14":"tag-pt"},"share_on_mastodon":{"url":"https:\/\/pubeurope.com\/@pt\/115587782493390578","error":""},"_links":{"self":[{"href":"https:\/\/www.europesays.com\/pt\/wp-json\/wp\/v2\/posts\/159979","targetHints":{"allow":["GET"]}}],"collection":[{"href":"https:\/\/www.europesays.com\/pt\/wp-json\/wp\/v2\/posts"}],"about":[{"href":"https:\/\/www.europesays.com\/pt\/wp-json\/wp\/v2\/types\/post"}],"author":[{"embeddable":true,"href":"https:\/\/www.europesays.com\/pt\/wp-json\/wp\/v2\/users\/2"}],"replies":[{"embeddable":true,"href":"https:\/\/www.europesays.com\/pt\/wp-json\/wp\/v2\/comments?post=159979"}],"version-history":[{"count":0,"href":"https:\/\/www.europesays.com\/pt\/wp-json\/wp\/v2\/posts\/159979\/revisions"}],"wp:featuredmedia":[{"embeddable":true,"href":"https:\/\/www.europesays.com\/pt\/wp-json\/wp\/v2\/media\/159980"}],"wp:attachment":[{"href":"https:\/\/www.europesays.com\/pt\/wp-json\/wp\/v2\/media?parent=159979"}],"wp:term":[{"taxonomy":"category","embeddable":true,"href":"https:\/\/www.europesays.com\/pt\/wp-json\/wp\/v2\/categories?post=159979"},{"taxonomy":"post_tag","embeddable":true,"href":"https:\/\/www.europesays.com\/pt\/wp-json\/wp\/v2\/tags?post=159979"}],"curies":[{"name":"wp","href":"https:\/\/api.w.org\/{rel}","templated":true}]}}