{"id":159981,"date":"2025-11-21T12:52:13","date_gmt":"2025-11-21T12:52:13","guid":{"rendered":"https:\/\/www.europesays.com\/pt\/159981\/"},"modified":"2025-11-21T12:52:13","modified_gmt":"2025-11-21T12:52:13","slug":"bruno-fernandes-vai-de-ferias-para-paris-e-encontra-neves-e-vitinha","status":"publish","type":"post","link":"https:\/\/www.europesays.com\/pt\/159981\/","title":{"rendered":"Bruno Fernandes vai de f\u00e9rias para Paris e \u00abencontra\u00bb Neves e Vitinha"},"content":{"rendered":"<p>De f\u00e9rias, depois de ajudar Portugal a garantir o apuramento para o Mundial 2026, <a href=\"https:\/\/maisfutebol.iol.pt\/selecao\/portugal\/portugal-armenia-9-1-cronica\" target=\"_blank\" rel=\"nofollow noopener\">com um hat-trick na goleada frente \u00e0 Arm\u00e9nia (9-1)<\/a>, Bruno Fernandes est\u00e1 de f\u00e9rias em Paris, com a mulher, e aproveitou o momento para tirar uma fotografia com Jo\u00e3o Neves e Vitinha (ou pelo menos tentou).<\/p>\n<p>A aproveitar o descanso antes de se juntar aos treinos do Manchester United, o m\u00e9dio portugu\u00eas viajou com Ana Pinho para a capital francesa, durante 24 horas, com baguetes, Torre Eiffel e Paris Saint-Germain a fazerem parte do roteiro do casal.<\/p>\n<p>Nas redes sociais, Bruno Fernandes partilhou v\u00e1rias fotografias das mini-f\u00e9rias e numa delas aparece uma imagem dos compatriotas Jo\u00e3o Neves e Vitinha, gravada num expositor de uma loja do clube franc\u00eas. Em tom de brincadeira, o atleta do Manchester United decidiu tirar uma selfie e identificar os colegas de Sele\u00e7\u00e3o.<\/p>\n<blockquote class=\"instagram-media\" data-instgrm-captioned=\"\" data-instgrm-permalink=\"https:\/\/www.instagram.com\/p\/DRSr_DSiP36\/?utm_source=ig_embed&amp;utm_campaign=loading\" data-instgrm-version=\"14\" style=\" background:#FFF; border:0; border-radius:3px; box-shadow:0 0 1px 0 rgba(0,0,0,0.5),0 1px 10px 0 rgba(0,0,0,0.15); margin: 1px; max-width:540px; min-width:326px; padding:0; width:99.375%; width:-webkit-calc(100% - 2px); width:calc(100% - 2px);\">\n<\/blockquote>\n<p>                                <script async src=\"\/\/www.instagram.com\/embed.js\"><\/script><\/p>\n","protected":false},"excerpt":{"rendered":"De f\u00e9rias, depois de ajudar Portugal a garantir o apuramento para o Mundial 2026, com um hat-trick na&hellip;\n","protected":false},"author":2,"featured_media":159982,"comment_status":"","ping_status":"","sticky":false,"template":"","format":"standard","meta":{"footnotes":""},"categories":[87],"tags":[34070,5532,135,3755,8374,46,7660,7661,2458,32,33,47,134,7331],"class_list":{"0":"post-159981","1":"post","2":"type-post","3":"status-publish","4":"format-standard","5":"has-post-thumbnail","7":"category-desporto","8":"tag-ana-pinho","9":"tag-bruno-fernandes","10":"tag-desporto","11":"tag-ferias","12":"tag-joao-neves","13":"tag-maisfutebol","14":"tag-mf-social","15":"tag-mfsocial","16":"tag-paris","17":"tag-portugal","18":"tag-pt","19":"tag-pura-paixao","20":"tag-sports","21":"tag-vitinha"},"share_on_mastodon":{"url":"https:\/\/pubeurope.com\/@pt\/115587786051498570","error":""},"_links":{"self":[{"href":"https:\/\/www.europesays.com\/pt\/wp-json\/wp\/v2\/posts\/159981","targetHints":{"allow":["GET"]}}],"collection":[{"href":"https:\/\/www.europesays.com\/pt\/wp-json\/wp\/v2\/posts"}],"about":[{"href":"https:\/\/www.europesays.com\/pt\/wp-json\/wp\/v2\/types\/post"}],"author":[{"embeddable":true,"href":"https:\/\/www.europesays.com\/pt\/wp-json\/wp\/v2\/users\/2"}],"replies":[{"embeddable":true,"href":"https:\/\/www.europesays.com\/pt\/wp-json\/wp\/v2\/comments?post=159981"}],"version-history":[{"count":0,"href":"https:\/\/www.europesays.com\/pt\/wp-json\/wp\/v2\/posts\/159981\/revisions"}],"wp:featuredmedia":[{"embeddable":true,"href":"https:\/\/www.europesays.com\/pt\/wp-json\/wp\/v2\/media\/159982"}],"wp:attachment":[{"href":"https:\/\/www.europesays.com\/pt\/wp-json\/wp\/v2\/media?parent=159981"}],"wp:term":[{"taxonomy":"category","embeddable":true,"href":"https:\/\/www.europesays.com\/pt\/wp-json\/wp\/v2\/categories?post=159981"},{"taxonomy":"post_tag","embeddable":true,"href":"https:\/\/www.europesays.com\/pt\/wp-json\/wp\/v2\/tags?post=159981"}],"curies":[{"name":"wp","href":"https:\/\/api.w.org\/{rel}","templated":true}]}}