{"id":159991,"date":"2025-11-21T13:02:12","date_gmt":"2025-11-21T13:02:12","guid":{"rendered":"https:\/\/www.europesays.com\/pt\/159991\/"},"modified":"2025-11-21T13:02:12","modified_gmt":"2025-11-21T13:02:12","slug":"senti-uma-enorme-tristeza-ao-acabar-de-escrever-e-ver-que-as-pessoas-que-coloquei-naquelas-paginas-ja-nao-estavam-vivas","status":"publish","type":"post","link":"https:\/\/www.europesays.com\/pt\/159991\/","title":{"rendered":"\u201cSenti uma enorme tristeza ao acabar de escrever e ver que as pessoas que coloquei naquelas p\u00e1ginas j\u00e1 n\u00e3o estavam vivas\u201c"},"content":{"rendered":"<p>A vida de Griffin Dune no cinema e na televis\u00e3o \u00e9 t\u00e3o vertiginosa quanto prol\u00edfica. A morte tr\u00e1gica da sua irm\u00e3 Dominique aos 22 anos deixou um choque emocional dif\u00edcil de superar na sua fam\u00edlia. O seu pai foi o escritor e jornalista Dominick Dunne, que dedicou parte da sua carreira a ser a voz jornal\u00edstica das v\u00edtimas de crimes violentos.<\/p>\n<p>\t\t<img decoding=\"async\" src=\"https:\/\/www.europesays.com\/pt\/wp-content\/uploads\/2025\/11\/1763730131_562_thumbs.web.sapo.io\"  loading=\"true\"\/><\/p>\n<p>                        Expresso<\/p>\n<p>A autobiografia de Griffin Dunne foi best seller do New York Times em 2024 e est\u00e1 no centro desta conversa com Tony Gon\u00e7alves. O ator recorda a experi\u00eancia de escrever as suas mem\u00f3rias e sentir a perda de cada pessoa nas entrelinhas. Griffin descreve tamb\u00e9m como uma s\u00e9rie de m\u00e1s decis\u00f5es o levaram de volta \u00e0 escola onde descobriu o seu lado Checkoviano.<\/p>\n<p>Griffin Dunne esteve na primeira edi\u00e7\u00e3o do Tribeca Festival Lisboa e recorda com entusiasmo as refei\u00e7\u00f5es e as conversas que teve durante a sua estadia.<\/p>\n<p>\t\t<img decoding=\"async\" src=\"https:\/\/www.europesays.com\/pt\/wp-content\/uploads\/2025\/11\/1763730132_220_thumbs.web.sapo.io\"  loading=\"true\"\/><\/p>\n<p>                        Expresso<\/p>\n<p>Tony Gon\u00e7alves nasceu no norte de Portugal em 1973 e, com quatro anos, emigrou com os pais para os EUA. A n\u00edvel profissional, passou por empresas como a Sharp Electronics, Samsung e WarnerMedia, onde chegou a chief revenue officer, gerindo receitas e investimentos na \u00e1rea das vendas de publicidade, streaming e entretenimento.<\/p>\n<p>Com a miss\u00e3o de colocar empresas e l\u00edderes portugueses no plano internacional, Tony fundou o <a href=\"https:\/\/www.evrosegroup.com\/?\" target=\"_blank\" rel=\"noreferrer noopener nofollow\">Grupo Evrose<\/a> para orientar e aconselhar empresas portuguesas no crescimento e transforma\u00e7\u00e3o dos seus neg\u00f3cios.<\/p>\n<p>No in\u00edcio de 2024 reuniu o Tribeca, com sede em Nova Iorque, e a SIC, com a sua plataforma de streaming OPTO, para juntos lan\u00e7arem a primeira edi\u00e7\u00e3o do Festival Tribeca fora dos EUA. Tony Gon\u00e7alves tornou-se assim o produtor executivo do Tribeca Festival Lisboa, que aconteceu entre 18 e 19 de outubro de 2024.<\/p>\n<p>\u2018The Heart &amp; Hustle of Portugal\u2019 \u00e9 o seu primeiro podcast e tem o objetivo de juntar uma comunidade apaixonada por Portugal \u00e0 volta de uma s\u00e9rie de conversas com grandes protagonistas nacionais e internacionais ligados ao pa\u00eds e ao mundo cultural e empresarial.<\/p>\n","protected":false},"excerpt":{"rendered":"A vida de Griffin Dune no cinema e na televis\u00e3o \u00e9 t\u00e3o vertiginosa quanto prol\u00edfica. A morte tr\u00e1gica&hellip;\n","protected":false},"author":2,"featured_media":159992,"comment_status":"","ping_status":"","sticky":false,"template":"","format":"standard","meta":{"footnotes":""},"categories":[145],"tags":[211,210,114,115,32,33],"class_list":{"0":"post-159991","1":"post","2":"type-post","3":"status-publish","4":"format-standard","5":"has-post-thumbnail","7":"category-celebridades","8":"tag-celebridades","9":"tag-celebrities","10":"tag-entertainment","11":"tag-entretenimento","12":"tag-portugal","13":"tag-pt"},"share_on_mastodon":{"url":"https:\/\/pubeurope.com\/@pt\/115587825442065160","error":""},"_links":{"self":[{"href":"https:\/\/www.europesays.com\/pt\/wp-json\/wp\/v2\/posts\/159991","targetHints":{"allow":["GET"]}}],"collection":[{"href":"https:\/\/www.europesays.com\/pt\/wp-json\/wp\/v2\/posts"}],"about":[{"href":"https:\/\/www.europesays.com\/pt\/wp-json\/wp\/v2\/types\/post"}],"author":[{"embeddable":true,"href":"https:\/\/www.europesays.com\/pt\/wp-json\/wp\/v2\/users\/2"}],"replies":[{"embeddable":true,"href":"https:\/\/www.europesays.com\/pt\/wp-json\/wp\/v2\/comments?post=159991"}],"version-history":[{"count":0,"href":"https:\/\/www.europesays.com\/pt\/wp-json\/wp\/v2\/posts\/159991\/revisions"}],"wp:featuredmedia":[{"embeddable":true,"href":"https:\/\/www.europesays.com\/pt\/wp-json\/wp\/v2\/media\/159992"}],"wp:attachment":[{"href":"https:\/\/www.europesays.com\/pt\/wp-json\/wp\/v2\/media?parent=159991"}],"wp:term":[{"taxonomy":"category","embeddable":true,"href":"https:\/\/www.europesays.com\/pt\/wp-json\/wp\/v2\/categories?post=159991"},{"taxonomy":"post_tag","embeddable":true,"href":"https:\/\/www.europesays.com\/pt\/wp-json\/wp\/v2\/tags?post=159991"}],"curies":[{"name":"wp","href":"https:\/\/api.w.org\/{rel}","templated":true}]}}