{"id":159995,"date":"2025-11-21T13:06:29","date_gmt":"2025-11-21T13:06:29","guid":{"rendered":"https:\/\/www.europesays.com\/pt\/159995\/"},"modified":"2025-11-21T13:06:29","modified_gmt":"2025-11-21T13:06:29","slug":"noite-historica-artistas-brasileiros-brilham-e-levam-premios-no-grammy-latino-2025-saiba-quem-sao-wscom","status":"publish","type":"post","link":"https:\/\/www.europesays.com\/pt\/159995\/","title":{"rendered":"Noite hist\u00f3rica: artistas brasileiros brilham e levam pr\u00eamios no Grammy Latino 2025; saiba quem s\u00e3o &#8211; WSCOM"},"content":{"rendered":"<p class=\"p1\"><b>A 26\u00aa edi\u00e7\u00e3o do Grammy Latino movimentou Las Vegas (EUA) nesta quinta-feira (13), e o Brasil marcou presen\u00e7a em grande estilo.<\/b> Diversos artistas nacionais foram reconhecidos pela academia, consolidando ainda mais a for\u00e7a e a diversidade da m\u00fasica brasileira no cen\u00e1rio internacional.<\/p>\n<p>\u00a0<\/p>\n<p class=\"p1\">Entre os destaques da noite esteve <b>Liniker<\/b>, que brilhou ao conquistar <b>tr\u00eas pr\u00eamios<\/b>. A cantora levou os trof\u00e9us de <b>Melhor \u00c1lbum de Pop Contempor\u00e2neo em L\u00edngua Portuguesa<\/b>, com \u201cCaju\u201d; <b>Melhor Interpreta\u00e7\u00e3o Urbana em L\u00edngua Portuguesa<\/b>, tamb\u00e9m com \u201cCaju\u201d; e <b>Melhor Can\u00e7\u00e3o em L\u00edngua Portuguesa<\/b>, por \u201cVeludo Marrom\u201d.<\/p>\n<p>\u00a0<\/p>\n<p class=\"p1\">Outros artistas brasileiros tamb\u00e9m celebraram vit\u00f3rias importantes. <b>Jo\u00e3o Gomes, Mestrinho e Jota.p\u00ea<\/b> receberam o Grammy de <b>Melhor \u00c1lbum de M\u00fasica de Ra\u00edzes em L\u00edngua Portuguesa<\/b> pelo trabalho \u201cDominguinho\u201d.<\/p>\n<p>\u00a0<\/p>\n<p class=\"p1\">A cantora <b>Luedji Luna<\/b> foi premiada na categoria <b>Melhor \u00c1lbum de M\u00fasica Popular Brasileira\/M\u00fasica Afro Portuguesa Brasileira<\/b>, com o disco \u201cUm Mar Pra Cada Um\u201d.<\/p>\n<p>\u00a0<\/p>\n<p class=\"p1\">O grupo <b>Sorriso Maroto<\/b> garantiu o trof\u00e9u de <b>Melhor \u00c1lbum de Samba\/Pagode<\/b> com \u201cSorriso Eu Gosto No Pagode Vol. 3 \u2013 Homenagem ao Fundo de Quintal\u201d.<\/p>\n<p>\u00a0<\/p>\n<p class=\"p1\">Na categoria <b>Melhor \u00c1lbum de Rock ou de M\u00fasica Alternativa em L\u00edngua Portuguesa<\/b>, o premiado foi o <b>BaianaSystem<\/b>, com o \u00e1lbum \u201cO Mundo D\u00e1 Voltas\u201d.<\/p>\n<p>\u00a0<\/p>\n<p class=\"p1\">Fechando a lista, a dupla <b>Chit\u00e3ozinho &amp; Xoror\u00f3<\/b> levou o Grammy de <b>Melhor \u00c1lbum de M\u00fasica Sertaneja<\/b> com \u201cJos\u00e9 &amp; Durval\u201d. (os artistas n\u00e3o estiveram presentes na premia\u00e7\u00e3o)<\/p>\n<p>\u00a0<\/p>\n<p class=\"p1\">Com vit\u00f3rias em diferentes g\u00eaneros musicais, os brasileiros mostraram mais uma vez a riqueza de ritmos e estilos que comp\u00f5em a cultura do pa\u00eds. <img fetchpriority=\"high\" decoding=\"async\" class=\"alignnone size-medium wp-image-421083\" src=\"https:\/\/www.europesays.com\/pt\/wp-content\/uploads\/2025\/11\/121456314-grammy-latino-getty-im-Pequena-300x169.jpeg\" alt=\"\" width=\"300\" height=\"169\"  \/><\/p>\n","protected":false},"excerpt":{"rendered":"A 26\u00aa edi\u00e7\u00e3o do Grammy Latino movimentou Las Vegas (EUA) nesta quinta-feira (13), e o Brasil marcou presen\u00e7a&hellip;\n","protected":false},"author":2,"featured_media":159996,"comment_status":"","ping_status":"","sticky":false,"template":"","format":"standard","meta":{"footnotes":""},"categories":[141],"tags":[726,13903,114,115,1272,149,150,32,6691,3304,33],"class_list":{"0":"post-159995","1":"post","2":"type-post","3":"status-publish","4":"format-standard","5":"has-post-thumbnail","7":"category-musica","8":"tag-brasil","9":"tag-conquista","10":"tag-entertainment","11":"tag-entretenimento","12":"tag-grammy","13":"tag-music","14":"tag-musica","15":"tag-portugal","16":"tag-premiacao","17":"tag-premio","18":"tag-pt"},"share_on_mastodon":{"url":"https:\/\/pubeurope.com\/@pt\/115587841628131213","error":""},"_links":{"self":[{"href":"https:\/\/www.europesays.com\/pt\/wp-json\/wp\/v2\/posts\/159995","targetHints":{"allow":["GET"]}}],"collection":[{"href":"https:\/\/www.europesays.com\/pt\/wp-json\/wp\/v2\/posts"}],"about":[{"href":"https:\/\/www.europesays.com\/pt\/wp-json\/wp\/v2\/types\/post"}],"author":[{"embeddable":true,"href":"https:\/\/www.europesays.com\/pt\/wp-json\/wp\/v2\/users\/2"}],"replies":[{"embeddable":true,"href":"https:\/\/www.europesays.com\/pt\/wp-json\/wp\/v2\/comments?post=159995"}],"version-history":[{"count":0,"href":"https:\/\/www.europesays.com\/pt\/wp-json\/wp\/v2\/posts\/159995\/revisions"}],"wp:featuredmedia":[{"embeddable":true,"href":"https:\/\/www.europesays.com\/pt\/wp-json\/wp\/v2\/media\/159996"}],"wp:attachment":[{"href":"https:\/\/www.europesays.com\/pt\/wp-json\/wp\/v2\/media?parent=159995"}],"wp:term":[{"taxonomy":"category","embeddable":true,"href":"https:\/\/www.europesays.com\/pt\/wp-json\/wp\/v2\/categories?post=159995"},{"taxonomy":"post_tag","embeddable":true,"href":"https:\/\/www.europesays.com\/pt\/wp-json\/wp\/v2\/tags?post=159995"}],"curies":[{"name":"wp","href":"https:\/\/api.w.org\/{rel}","templated":true}]}}