{"id":159997,"date":"2025-11-21T13:07:29","date_gmt":"2025-11-21T13:07:29","guid":{"rendered":"https:\/\/www.europesays.com\/pt\/159997\/"},"modified":"2025-11-21T13:07:29","modified_gmt":"2025-11-21T13:07:29","slug":"zendaya-e-robert-pattinson-em-novas-fotos-de-a-odisseia-de-christopher-nolan","status":"publish","type":"post","link":"https:\/\/www.europesays.com\/pt\/159997\/","title":{"rendered":"Zendaya e Robert Pattinson em novas fotos de &#8216;A Odisseia&#8217;, de Christopher Nolan"},"content":{"rendered":"<p>Foram divulgadas novas imagens de \u2018<strong>A Odisseia<\/strong>\u2018, novo filme de <a href=\"https:\/\/cinepop.com.br\/tag\/christopher-nolan\/\" title=\"Christopher Nolan\" rel=\"nofollow noopener\" target=\"_blank\">Christopher Nolan<\/a>.<\/p>\n<p>Elas mostram <strong><a href=\"https:\/\/cinepop.com.br\/tag\/zendaya\/\" title=\"Zendaya\" rel=\"nofollow noopener\" target=\"_blank\">Zendaya<\/a><\/strong> como a deusa Athena e <strong>Robert Pattinson<\/strong> como Antinous, um dos pretendentes de Pen\u00e9lope (<strong><a href=\"https:\/\/cinepop.com.br\/tag\/anne-hathaway\/\" title=\"Anne Hathaway\" rel=\"nofollow noopener\" target=\"_blank\">Anne Hathaway<\/a><\/strong>), a mulher de Odisseu (<strong><a href=\"https:\/\/cinepop.com.br\/tag\/matt-damon\/\" title=\"Matt Damon\" rel=\"nofollow noopener\" target=\"_blank\">Matt Damon<\/a><\/strong>).<\/p>\n<p>Confira:<\/p>\n<p><img fetchpriority=\"high\" decoding=\"async\" class=\"alignnone size-full wp-image-704311\" src=\"https:\/\/www.europesays.com\/pt\/wp-content\/uploads\/2025\/11\/odisseia_1.webp.webp\" alt=\"\" width=\"986\" height=\"600\"  \/><\/p>\n<p><img loading=\"lazy\" decoding=\"async\" class=\"alignnone size-full wp-image-704312\" src=\"https:\/\/www.europesays.com\/pt\/wp-content\/uploads\/2025\/11\/odisseia_2.jpeg\" alt=\"\" width=\"1057\" height=\"689\"  \/><\/p>\n<p><img loading=\"lazy\" decoding=\"async\" class=\"alignnone size-full wp-image-704313\" src=\"https:\/\/www.europesays.com\/pt\/wp-content\/uploads\/2025\/11\/odisseia_3.jpeg\" alt=\"\" width=\"1024\" height=\"787\"  \/><\/p>\n<p>O astro <strong><a href=\"https:\/\/cinepop.com.br\/tag\/matt-damon\/\" title=\"Matt Damon\" rel=\"nofollow noopener\" target=\"_blank\">Matt Damon<\/a><\/strong>, protagonista de<strong> \u2018A Odisseia\u2019<\/strong>, falou recentemente sobre o \u00e9pico de <strong><a href=\"https:\/\/cinepop.com.br\/tag\/christopher-nolan\/\" title=\"Christopher Nolan\" rel=\"nofollow noopener\" target=\"_blank\">Christopher Nolan<\/a><\/strong>, destacando que o longa \u00e9 um verdadeiro blockbuster cinematogr\u00e1fico.<\/p>\n<p>Durante uma entrevista \u00e0 <a href=\"https:\/\/www.empireonline.com\/movies\/news\/the-odyssey-massively-entertaining-matt-damon-summer-movie-exclusive\/\" rel=\"nofollow noopener\" target=\"_blank\">Empire<\/a>, <strong>Damon<\/strong> afirmou que o filme entrega \u201cexatamente o que voc\u00ea quer de um filme de ver\u00e3o\u201d. Questionado sobre o que se pode esperar de um diretor lend\u00e1rio como <strong>Nolan<\/strong>, o ator acrescentou: \u201cDeve ser o filme mais massivamente divertido. Deve ter sensa\u00e7\u00e3o de mito\u201d.<\/p>\n<p>No \u00e9pico, <strong>Damon<\/strong> interpreta Ulisses, e n\u00e3o poupou elogios \u00e0 experi\u00eancia: \u201cPosso dizer, sem exagero, que foi a melhor experi\u00eancia da minha carreira\u201d.<\/p>\n<p>A produ\u00e7\u00e3o foi monumental, percorrendo vastas regi\u00f5es do globo, oceanos abertos, milhares de figurantes e cen\u00e1rios gigantescos, incluindo um verdadeiro cavalo de Troia.<\/p>\n<p>\u201cEu vi o cavalo na praia e fiquei tipo: \u2018Caramba\u2019. Era simplesmente incr\u00edvel\u201d, recorda <strong>Damon<\/strong>.<\/p>\n<p>Em seu terceiro filme com <strong>Nolan<\/strong>, <strong>Damon<\/strong> participou ativamente do processo criativo, que combinava planejamento minucioso e improviso, seguindo o rumo que o filme demandava.<\/p>\n<p>\u201cEst\u00e1vamos filmando aquelas cenas do cavalo de Troia na semana seguinte, e eu perguntei: \u2018Como voc\u00eas v\u00e3o fazer isso?\u2019 E [Nolan] respondeu: \u2018N\u00e3o sei. Vamos entrar l\u00e1 e descobrir&#8217;\u201d, destacou.<\/p>\n<p>O ator tamb\u00e9m comentou sobre os momentos \u00e9picos do roteiro: \u201cSe voc\u00ea vai ter uma crise existencial enquanto passa pelas Sereias e est\u00e1 amarrado ao mastro, isso vai acontecer. Se diz que voc\u00ea est\u00e1 correndo pela vida fugindo de um Ciclope, voc\u00ea vai correr pela vida. Chris n\u00e3o esconde nada\u201d.<\/p>\n<p><a href=\"https:\/\/cinepop.com.br\/elliot-page-celebra-protagonismo-no-epico-de-christopher-nolan-a-odisseia-foi-uma-alegria-698101\/\" rel=\"nofollow noopener\" target=\"_blank\">Elliot Page celebra protagonismo no \u00e9pico de Christopher Nolan \u2018A Odisseia\u2019: \u201cFoi uma alegria\u201d<\/a><\/p>\n<p>Para <strong>Nolan<\/strong>, sua adapta\u00e7\u00e3o de <strong>\u2018A Odisseia\u2019<\/strong> estava em desenvolvimento h\u00e1 muito tempo, motivada por uma lacuna que ele via na cultura cinematogr\u00e1fica:<\/p>\n<p>\u201cComo cineasta, voc\u00ea procura lacunas na cultura cinematogr\u00e1fica, coisas que ainda n\u00e3o foram feitas. E o que eu percebi \u00e9 que todo aquele grande trabalho cinematogr\u00e1fico mitol\u00f3gico com o qual cresci, os filmes de Ray Harryhausen e outros, eu nunca tinha visto isso feito com o tipo de peso e credibilidade que um or\u00e7amento A e uma grande produ\u00e7\u00e3o de Hollywood em IMAX poderiam proporcionar\u201d, concluiu <strong>Nolan<\/strong>.<\/p>\n<p><img loading=\"lazy\" decoding=\"async\" src=\"https:\/\/www.europesays.com\/pt\/wp-content\/uploads\/2025\/11\/a-odisseia-1024x592.jpg\" alt=\"a odisseia\" width=\"696\" height=\"402\"  \/><\/p>\n<p>A estreia no Brasil est\u00e1 marcada para o dia <strong>16 de julho de 2026<\/strong>, um dia antes do lan\u00e7amento nos Estados Unidos.<\/p>\n<p>Confira a sinopse oficial:<\/p>\n<p>Ap\u00f3s a Guerra de Tr\u00f3ia, o guerreiro grego Odisseu (<strong><a href=\"https:\/\/cinepop.com.br\/tag\/matt-damon\/\" title=\"Matt Damon\" rel=\"nofollow noopener\" target=\"_blank\">Matt Damon<\/a><\/strong>) enfrenta criaturas m\u00edticas e deuses em sua \u00e9pica jornada de volta para casa, onde sua esposa Pen\u00e9lope o aguarda. Para contar essa hist\u00f3ria grandiosa, a produ\u00e7\u00e3o re\u00fane um elenco estelar ao lado de Damon, entre os nomes confirmados est\u00e3o<strong> <a href=\"https:\/\/cinepop.com.br\/tag\/anne-hathaway\/\" title=\"Anne Hathaway\" rel=\"nofollow noopener\" target=\"_blank\">Anne Hathaway<\/a>, <a href=\"https:\/\/cinepop.com.br\/tag\/tom-holland\/\" title=\"Tom Holland\" rel=\"nofollow noopener\" target=\"_blank\">Tom Holland<\/a>, <a href=\"https:\/\/cinepop.com.br\/tag\/zendaya\/\" title=\"Zendaya\" rel=\"nofollow noopener\" target=\"_blank\">Zendaya<\/a><\/strong> e <strong>Lupita Nyong\u2019o<\/strong>.<\/p>\n<p>O filme \u00e9 um \u00e9pico de a\u00e7\u00e3o m\u00edtico filmado em todo o mundo usando a nov\u00edssima tecnologia de filme IMAX e traz a saga fundamental de Odisseu para as telas de filme IMAX pela primeira vez.<\/p>\n<p>O elenco conta com nomes como\u00a0<strong><a href=\"https:\/\/cinepop.com.br\/tag\/matt-damon\/\" title=\"Matt Damon\" rel=\"nofollow noopener\" target=\"_blank\">Matt Damon<\/a><\/strong>, <strong><a href=\"https:\/\/cinepop.com.br\/tag\/tom-holland\/\" title=\"Tom Holland\" rel=\"nofollow noopener\" target=\"_blank\">Tom Holland<\/a><\/strong>, <strong><a href=\"https:\/\/cinepop.com.br\/tag\/charlize-theron\/\" title=\"Charlize Theron\" rel=\"nofollow noopener\" target=\"_blank\">Charlize Theron<\/a><\/strong>,\u00a0<strong>Robert Pattinson<\/strong>,\u00a0<strong>Jon Bernthal<\/strong>,\u00a0<strong>John Leguizamo<\/strong>,\u00a0<strong>Elliot Page<\/strong>,\u00a0<strong>Himesh Patel<\/strong>,\u00a0<strong>Bill Irwin<\/strong>,\u00a0<strong>Samantha Morton<\/strong>,\u00a0<strong><a href=\"https:\/\/cinepop.com.br\/tag\/zendaya\/\" title=\"Zendaya\" rel=\"nofollow noopener\" target=\"_blank\">Zendaya<\/a><\/strong> e outros.<\/p>\n<p>A aposta \u00e9 alta: com um or\u00e7amento de US$ 250 milh\u00f5es, \u2018<strong>A<\/strong> <strong>Odisseia<\/strong>\u2018 ser\u00e1 o filme mais caro da carreira de <strong>Nolan<\/strong>.<\/p>\n<p><img loading=\"lazy\" decoding=\"async\" src=\"https:\/\/www.europesays.com\/pt\/wp-content\/uploads\/2025\/10\/odisseia2.jpeg\" alt=\"\" width=\"632\" height=\"1000\"  \/><\/p>\n<p>odisseia2<\/p>\n","protected":false},"excerpt":{"rendered":"Foram divulgadas novas imagens de \u2018A Odisseia\u2018, novo filme de Christopher Nolan. Elas mostram Zendaya como a deusa&hellip;\n","protected":false},"author":2,"featured_media":159998,"comment_status":"","ping_status":"","sticky":false,"template":"","format":"standard","meta":{"footnotes":""},"categories":[140],"tags":[26117,26118,26119,7556,18513,23691,4002,13516,17610,26120,26121,7898,114,115,3639,147,148,13296,23329,10626,26123,26124,26125,17106,23331,26126,26127,26128,26129,4005,26130,26131,26132,146,716,14905,26133,13538,4785,26134,32,33,26135,26136,13306,15422,11094,2594,26137,15950,6705,26139,26140,14105],"class_list":{"0":"post-159997","1":"post","2":"type-post","3":"status-publish","4":"format-standard","5":"has-post-thumbnail","7":"category-filmes","8":"tag-a-origem","9":"tag-alden-ehrenreich","10":"tag-alex-wolff","11":"tag-anne-hathaway","12":"tag-benny-safdie","13":"tag-charlize-theron","14":"tag-christopher-nolan","15":"tag-cillian-murphy","16":"tag-david-dastmalchian","17":"tag-david-krumholtz","18":"tag-dunkirk","19":"tag-emily-blunt","20":"tag-entertainment","21":"tag-entretenimento","22":"tag-featured","23":"tag-film","24":"tag-filmes","25":"tag-florence-pugh","26":"tag-guardioes-da-galaxia-vol-3","27":"tag-interestelar","28":"tag-interestellar","29":"tag-james-darcy","30":"tag-james-newman","31":"tag-jason-clarke","32":"tag-josh-hartnett","33":"tag-josh-peck","34":"tag-logan-marshall-green","35":"tag-louise-lombard","36":"tag-lupita-nyongo","37":"tag-matt-damon","38":"tag-matthias-schweighofer","39":"tag-megatubarao-2","40":"tag-michael-angarona","41":"tag-movies","42":"tag-netflix","43":"tag-o-cavaleiro-das-trevas","44":"tag-olivia-thirlby","45":"tag-oppenheimer","46":"tag-peaky-blinders","47":"tag-penny-dreadful","48":"tag-portugal","49":"tag-pt","50":"tag-quaid","51":"tag-rami-malek","52":"tag-robert-downey-jr","53":"tag-ryan-gosling","54":"tag-spike-lee","55":"tag-steven-spielberg","56":"tag-the-crown","57":"tag-the-witcher","58":"tag-tom-holland","59":"tag-velozes-e-furiosos-x","60":"tag-zack-snyder","61":"tag-zendaya"},"share_on_mastodon":{"url":"","error":"Validation failed: Text character limit of 500 exceeded"},"_links":{"self":[{"href":"https:\/\/www.europesays.com\/pt\/wp-json\/wp\/v2\/posts\/159997","targetHints":{"allow":["GET"]}}],"collection":[{"href":"https:\/\/www.europesays.com\/pt\/wp-json\/wp\/v2\/posts"}],"about":[{"href":"https:\/\/www.europesays.com\/pt\/wp-json\/wp\/v2\/types\/post"}],"author":[{"embeddable":true,"href":"https:\/\/www.europesays.com\/pt\/wp-json\/wp\/v2\/users\/2"}],"replies":[{"embeddable":true,"href":"https:\/\/www.europesays.com\/pt\/wp-json\/wp\/v2\/comments?post=159997"}],"version-history":[{"count":0,"href":"https:\/\/www.europesays.com\/pt\/wp-json\/wp\/v2\/posts\/159997\/revisions"}],"wp:featuredmedia":[{"embeddable":true,"href":"https:\/\/www.europesays.com\/pt\/wp-json\/wp\/v2\/media\/159998"}],"wp:attachment":[{"href":"https:\/\/www.europesays.com\/pt\/wp-json\/wp\/v2\/media?parent=159997"}],"wp:term":[{"taxonomy":"category","embeddable":true,"href":"https:\/\/www.europesays.com\/pt\/wp-json\/wp\/v2\/categories?post=159997"},{"taxonomy":"post_tag","embeddable":true,"href":"https:\/\/www.europesays.com\/pt\/wp-json\/wp\/v2\/tags?post=159997"}],"curies":[{"name":"wp","href":"https:\/\/api.w.org\/{rel}","templated":true}]}}