{"id":160007,"date":"2025-11-21T13:17:24","date_gmt":"2025-11-21T13:17:24","guid":{"rendered":"https:\/\/www.europesays.com\/pt\/160007\/"},"modified":"2025-11-21T13:17:24","modified_gmt":"2025-11-21T13:17:24","slug":"jessie-j-revela-motivo-de-ter-escolhido-moletom-preto-em-evento-de-gala","status":"publish","type":"post","link":"https:\/\/www.europesays.com\/pt\/160007\/","title":{"rendered":"Jessie J revela motivo de ter escolhido moletom preto em evento de gala"},"content":{"rendered":"<p class=\"my-5 break-words group-[.isActiveSource]:text-xl\">A <strong class=\"group-[.isActiveSource]:text-xl group-[.isActiveSource]:font-bold\">cantora Jessie J, 37, explicou<\/strong> em suas redes sociais nesta quinta-feira (20) o m<strong class=\"group-[.isActiveSource]:text-xl group-[.isActiveSource]:font-bold\">otivo de ter usado uma roupa de moletom preto e largo no evento de gala Royal Variety Performance<\/strong>, que aconteceu na noite anterior.<\/p>\n<p class=\"my-5 break-words group-[.isActiveSource]:text-xl\">&#8220;A <a href=\"https:\/\/www.cnnbrasil.com.br\/entretenimento\/maior-show-da-minha-carreira-diz-jessie-j-sobre-cantar-no-the-town\/\" target=\"_blank\" rel=\"noopener noreferrer nofollow\" class=\"text-red-600 underline hover:text-red-500 font-medium break-words group-[.isActiveSource]:text-xl\">m\u00fasica<\/a> que estou cantando se chama &#8216;I&#8217;ll Never Know Why&#8217;, uma can\u00e7\u00e3o muito pessoal e especial que escrevi sobre um dos meus amigos mais pr\u00f3ximos, que h\u00e1 7 anos, neste m\u00eas de dezembro, tirou a pr\u00f3pria <a href=\"https:\/\/www.cnnbrasil.com.br\/entretenimento\/jessie-j-desabafa-sobre-cancer-de-mama-chutei-a-morte-para-longe\/\" target=\"_blank\" rel=\"noopener noreferrer nofollow\" class=\"text-red-600 underline hover:text-red-500 font-medium break-words group-[.isActiveSource]:text-xl\">vida<\/a>. Alguns de voc\u00eas v\u00e3o saber de quem estou falando e, para quem n\u00e3o sabe: o nome dele era Dave, mas as pessoas o chamavam de Lasty. Ele foi meu seguran\u00e7a por muitos anos e meu irm\u00e3o mais velho&#8221;, escreveu.<\/p>\n<p class=\"my-5 break-words group-[.isActiveSource]:text-xl\">Jessie J explicou que a escolha de usar um moletom para homenage\u00e1-lo foi porque ele sempre a perguntava se ela havia levado uma pe\u00e7a semelhante para os shows para os dois fazerem uma caminhada e conversar.<\/p>\n<p class=\"my-5 break-words group-[.isActiveSource]:text-xl\">&#8220;Eu sinto falta dessas caminhadas e conversas. Ent\u00e3o eu n\u00e3o usei um vestido de gala nem um vestido justo e chique. Usei um agasalho largo em homenagem a ele, com &#8216;you got a hoodie?&#8217; (voc\u00ea tem um moletom?, em portugu\u00eas) e Lasty bordado nas costas e &#8216;I love you&#8217; (eu amo voc\u00ea, em portugu\u00eas) no capuz&#8221;, a cantora explicou.<\/p>\n<p class=\"my-5 break-words group-[.isActiveSource]:text-xl\">A artista defendeu que a escolha do look tamb\u00e9m teve o objetivo de atingir as pessoas que estavam assistindo ao evento de casa e se sentindo sozinhas \u2014 j\u00e1 que o moletom \u00e9 sua pr\u00f3pria escolha quando n\u00e3o est\u00e1 se sentindo bem.<\/p>\n<p class=\"my-5 break-words group-[.isActiveSource]:text-xl\">&#8220;Espero que esta m\u00fasica possa apoiar qualquer pessoa que tenha vivido a perda de algu\u00e9m de qualquer forma. O luto \u00e9 uma jornada horr\u00edvel e solit\u00e1ria, e eu sei que a m\u00fasica pode ser uma m\u00e3o que acolhe sempre. Tamb\u00e9m oro para que essa m\u00fasica possa lembrar aqueles que sentem que ningu\u00e9m se importa ou os ama que n\u00f3s nos importamos. De verdade&#8221;, escreveu.<\/p>\n<p class=\"my-5 break-words group-[.isActiveSource]:text-xl\">Na conclus\u00e3o de suas mensagens, a cantora se solidarizou com as pessoas que tem pensamentos de tirar a pr\u00f3pria vida, mesmo n\u00e3o sabendo como \u00e9.<\/p>\n<p>Veja o look de Jessie J<br \/>\n<img decoding=\"async\" src=\"https:\/\/www.europesays.com\/pt\/wp-content\/uploads\/2025\/11\/jessie-j-moletom_0f9b0c.jpg\" alt=\"\u2022 Chris Jackson\/Getty Images\" width=\"849\" height=\"477\" class=\"flex size-full object-cover\" loading=\"lazy\"\/>\u2022 Chris Jackson\/Getty Images<\/p>\n","protected":false},"excerpt":{"rendered":"A cantora Jessie J, 37, explicou em suas redes sociais nesta quinta-feira (20) o motivo de ter usado&hellip;\n","protected":false},"author":2,"featured_media":160008,"comment_status":"","ping_status":"","sticky":false,"template":"","format":"standard","meta":{"footnotes":""},"categories":[145],"tags":[211,210,114,115,32,33],"class_list":{"0":"post-160007","1":"post","2":"type-post","3":"status-publish","4":"format-standard","5":"has-post-thumbnail","7":"category-celebridades","8":"tag-celebridades","9":"tag-celebrities","10":"tag-entertainment","11":"tag-entretenimento","12":"tag-portugal","13":"tag-pt"},"share_on_mastodon":{"url":"https:\/\/pubeurope.com\/@pt\/115587884409627302","error":""},"_links":{"self":[{"href":"https:\/\/www.europesays.com\/pt\/wp-json\/wp\/v2\/posts\/160007","targetHints":{"allow":["GET"]}}],"collection":[{"href":"https:\/\/www.europesays.com\/pt\/wp-json\/wp\/v2\/posts"}],"about":[{"href":"https:\/\/www.europesays.com\/pt\/wp-json\/wp\/v2\/types\/post"}],"author":[{"embeddable":true,"href":"https:\/\/www.europesays.com\/pt\/wp-json\/wp\/v2\/users\/2"}],"replies":[{"embeddable":true,"href":"https:\/\/www.europesays.com\/pt\/wp-json\/wp\/v2\/comments?post=160007"}],"version-history":[{"count":0,"href":"https:\/\/www.europesays.com\/pt\/wp-json\/wp\/v2\/posts\/160007\/revisions"}],"wp:featuredmedia":[{"embeddable":true,"href":"https:\/\/www.europesays.com\/pt\/wp-json\/wp\/v2\/media\/160008"}],"wp:attachment":[{"href":"https:\/\/www.europesays.com\/pt\/wp-json\/wp\/v2\/media?parent=160007"}],"wp:term":[{"taxonomy":"category","embeddable":true,"href":"https:\/\/www.europesays.com\/pt\/wp-json\/wp\/v2\/categories?post=160007"},{"taxonomy":"post_tag","embeddable":true,"href":"https:\/\/www.europesays.com\/pt\/wp-json\/wp\/v2\/tags?post=160007"}],"curies":[{"name":"wp","href":"https:\/\/api.w.org\/{rel}","templated":true}]}}