{"id":160009,"date":"2025-11-21T13:22:16","date_gmt":"2025-11-21T13:22:16","guid":{"rendered":"https:\/\/www.europesays.com\/pt\/160009\/"},"modified":"2025-11-21T13:22:16","modified_gmt":"2025-11-21T13:22:16","slug":"filme-de-acao-de-guy-ritchie-filmado-em-2023-com-henry-cavill-e-jake-gyllenhaal-pode-nunca-ser-lancado","status":"publish","type":"post","link":"https:\/\/www.europesays.com\/pt\/160009\/","title":{"rendered":"Filme de a\u00e7\u00e3o de Guy Ritchie filmado em 2023 com Henry Cavill e Jake Gyllenhaal pode NUNCA ser lan\u00e7ado"},"content":{"rendered":"<p>Um dos filmes de a\u00e7\u00e3o dirigidos pelo badalado Guy Ritchie pode nunca ser lan\u00e7ado. \u2018<strong><a href=\"https:\/\/cinepop.com.br\/tag\/na-zona-cinzenta\/\" title=\"Na Zona Cinzenta\" rel=\"nofollow noopener\" target=\"_blank\">Na Zona Cinzenta<\/a><\/strong>\u2018 (In the Grey) teve suas filmagens encerradas no meio de 2023 e estava programado para estrear nos cinemas em <strong>17 de janeiro de 2025<\/strong> pela Lionsgate, mas desapareceu silenciosamente do calend\u00e1rio sem explica\u00e7\u00f5es.<\/p>\n<p>O destino do filme ainda \u00e9 incerto e pode continuar assim por um bom tempo. No papel, o projeto tinha tudo para dar certo:<strong> <a href=\"https:\/\/cinepop.com.br\/tag\/henry-cavill\/\" title=\"Henry Cavill\" rel=\"nofollow noopener\" target=\"_blank\">Henry Cavill<\/a>, <a href=\"https:\/\/cinepop.com.br\/tag\/jake-gyllenhaal\/\" title=\"Jake Gyllenhaal\" rel=\"nofollow noopener\" target=\"_blank\">Jake Gyllenhaal<\/a><\/strong> e <strong><a href=\"https:\/\/cinepop.com.br\/tag\/eiza-gonzalez\/\" title=\"Eiza Gonz\u00e1lez\" rel=\"nofollow noopener\" target=\"_blank\">Eiza Gonz\u00e1lez<\/a><\/strong> lideram o elenco, com <strong>Ritchie<\/strong> na dire\u00e7\u00e3o e sua marca registrada de caos estiloso e de alto risco no centro da trama. A<\/p>\n<p>hist\u00f3ria acompanha dois especialistas em extra\u00e7\u00e3o e uma negociadora de alto n\u00edvel encarregados de resgatar um grupo que \u201copera entre o crime e a lei\u201d. \u00c9 o tipo de premissa perfeita para a narrativa din\u00e2mica de Ritchie, na linha de filmes como \u2018<strong><a href=\"https:\/\/cinepop.com.br\/tag\/o-pacto\/\" title=\"O Pacto\" rel=\"nofollow noopener\" target=\"_blank\">O Pacto<\/a><\/strong>\u2018 e <strong>\u2018<a href=\"https:\/\/cinepop.com.br\/tag\/infiltrado\/\" title=\"Infiltrado\" rel=\"nofollow noopener\" target=\"_blank\">Infiltrado<\/a>\u2019.<\/strong><\/p>\n<p>Agora, at\u00e9 mesmo os produtores do filme est\u00e3o mantendo sil\u00eancio sobre o que est\u00e1 acontecendo nos bastidores.<\/p>\n<p>Em uma nova entrevista ao Deadline, <strong>Benjamin Kramer<\/strong> e <strong>Teddy Schwarzman<\/strong>, produtores da Black Bear Pictures, n\u00e3o esclareceram o status da produ\u00e7\u00e3o.<\/p>\n<p>Quando questionado sobre o lan\u00e7amento, Schwarzman respondeu simplesmente:<\/p>\n<p>\u201cSem coment\u00e1rios\u201d. <\/p>\n<p>O que ser\u00e1 que aconteceu com o material filmado?\u00a0 O sil\u00eancio s\u00f3 alimentou as especula\u00e7\u00f5es.<\/p>\n<p>Al\u00e9m de dirigir, <strong>Guy Ritchie<\/strong> tamb\u00e9m assina o roteiro do longa.<\/p>\n<p>Esperamos mais novidades em breve.<\/p>\n<p><img fetchpriority=\"high\" decoding=\"async\" src=\"https:\/\/www.europesays.com\/pt\/wp-content\/uploads\/2025\/11\/guy-ritchies-in-the-grey-footage-reaction-video-cinemacon-2024-1024x576.jpg\" alt=\"guy ritchies in the grey footage reaction video cinemacon 2024\" width=\"696\" height=\"392\"  \/><\/p>\n","protected":false},"excerpt":{"rendered":"Um dos filmes de a\u00e7\u00e3o dirigidos pelo badalado Guy Ritchie pode nunca ser lan\u00e7ado. \u2018Na Zona Cinzenta\u2018 (In&hellip;\n","protected":false},"author":2,"featured_media":160010,"comment_status":"","ping_status":"","sticky":false,"template":"","format":"standard","meta":{"footnotes":""},"categories":[140],"tags":[25622,114,115,147,148,8733,30368,30460,146,34074,34075,32,33],"class_list":{"0":"post-160009","1":"post","2":"type-post","3":"status-publish","4":"format-standard","5":"has-post-thumbnail","7":"category-filmes","8":"tag-eiza-gonzalez","9":"tag-entertainment","10":"tag-entretenimento","11":"tag-film","12":"tag-filmes","13":"tag-henry-cavill","14":"tag-infiltrado","15":"tag-jake-gyllenhaal","16":"tag-movies","17":"tag-na-zona-cinzenta","18":"tag-o-pacto","19":"tag-portugal","20":"tag-pt"},"share_on_mastodon":{"url":"https:\/\/pubeurope.com\/@pt\/115587904196374173","error":""},"_links":{"self":[{"href":"https:\/\/www.europesays.com\/pt\/wp-json\/wp\/v2\/posts\/160009","targetHints":{"allow":["GET"]}}],"collection":[{"href":"https:\/\/www.europesays.com\/pt\/wp-json\/wp\/v2\/posts"}],"about":[{"href":"https:\/\/www.europesays.com\/pt\/wp-json\/wp\/v2\/types\/post"}],"author":[{"embeddable":true,"href":"https:\/\/www.europesays.com\/pt\/wp-json\/wp\/v2\/users\/2"}],"replies":[{"embeddable":true,"href":"https:\/\/www.europesays.com\/pt\/wp-json\/wp\/v2\/comments?post=160009"}],"version-history":[{"count":0,"href":"https:\/\/www.europesays.com\/pt\/wp-json\/wp\/v2\/posts\/160009\/revisions"}],"wp:featuredmedia":[{"embeddable":true,"href":"https:\/\/www.europesays.com\/pt\/wp-json\/wp\/v2\/media\/160010"}],"wp:attachment":[{"href":"https:\/\/www.europesays.com\/pt\/wp-json\/wp\/v2\/media?parent=160009"}],"wp:term":[{"taxonomy":"category","embeddable":true,"href":"https:\/\/www.europesays.com\/pt\/wp-json\/wp\/v2\/categories?post=160009"},{"taxonomy":"post_tag","embeddable":true,"href":"https:\/\/www.europesays.com\/pt\/wp-json\/wp\/v2\/tags?post=160009"}],"curies":[{"name":"wp","href":"https:\/\/api.w.org\/{rel}","templated":true}]}}