{"id":160013,"date":"2025-11-21T13:24:08","date_gmt":"2025-11-21T13:24:08","guid":{"rendered":"https:\/\/www.europesays.com\/pt\/160013\/"},"modified":"2025-11-21T13:24:08","modified_gmt":"2025-11-21T13:24:08","slug":"china-tem-mais-casos-de-doenca-renal-cronica-no-mundo-diz-estudo","status":"publish","type":"post","link":"https:\/\/www.europesays.com\/pt\/160013\/","title":{"rendered":"China tem mais casos de doen\u00e7a renal cr\u00f4nica no mundo, diz estudo"},"content":{"rendered":"<p>\t\t\tChina tem mais casos de doen\u00e7a renal cr\u00f4nica no mundo, diz estudo\t\t<\/p>\n<p>\tChina tem mais casos de doen\u00e7a renal cr\u00f4nica no mundo, diz estudo<\/p>\n","protected":false},"excerpt":{"rendered":"China tem mais casos de doen\u00e7a renal cr\u00f4nica no mundo, diz estudo China tem mais casos de doen\u00e7a&hellip;\n","protected":false},"author":2,"featured_media":160014,"comment_status":"","ping_status":"","sticky":false,"template":"","format":"standard","meta":{"footnotes":""},"categories":[86],"tags":[116,32,33,117],"class_list":{"0":"post-160013","1":"post","2":"type-post","3":"status-publish","4":"format-standard","5":"has-post-thumbnail","7":"category-saude","8":"tag-health","9":"tag-portugal","10":"tag-pt","11":"tag-saude"},"share_on_mastodon":{"url":"https:\/\/pubeurope.com\/@pt\/115587911856954235","error":""},"_links":{"self":[{"href":"https:\/\/www.europesays.com\/pt\/wp-json\/wp\/v2\/posts\/160013","targetHints":{"allow":["GET"]}}],"collection":[{"href":"https:\/\/www.europesays.com\/pt\/wp-json\/wp\/v2\/posts"}],"about":[{"href":"https:\/\/www.europesays.com\/pt\/wp-json\/wp\/v2\/types\/post"}],"author":[{"embeddable":true,"href":"https:\/\/www.europesays.com\/pt\/wp-json\/wp\/v2\/users\/2"}],"replies":[{"embeddable":true,"href":"https:\/\/www.europesays.com\/pt\/wp-json\/wp\/v2\/comments?post=160013"}],"version-history":[{"count":0,"href":"https:\/\/www.europesays.com\/pt\/wp-json\/wp\/v2\/posts\/160013\/revisions"}],"wp:featuredmedia":[{"embeddable":true,"href":"https:\/\/www.europesays.com\/pt\/wp-json\/wp\/v2\/media\/160014"}],"wp:attachment":[{"href":"https:\/\/www.europesays.com\/pt\/wp-json\/wp\/v2\/media?parent=160013"}],"wp:term":[{"taxonomy":"category","embeddable":true,"href":"https:\/\/www.europesays.com\/pt\/wp-json\/wp\/v2\/categories?post=160013"},{"taxonomy":"post_tag","embeddable":true,"href":"https:\/\/www.europesays.com\/pt\/wp-json\/wp\/v2\/tags?post=160013"}],"curies":[{"name":"wp","href":"https:\/\/api.w.org\/{rel}","templated":true}]}}