{"id":160017,"date":"2025-11-21T13:28:08","date_gmt":"2025-11-21T13:28:08","guid":{"rendered":"https:\/\/www.europesays.com\/pt\/160017\/"},"modified":"2025-11-21T13:28:08","modified_gmt":"2025-11-21T13:28:08","slug":"joao-lourenco-adia-viagem-%e2%80%b3por-razoes-de-forca-maior%e2%80%b3-a-africa-do-sul-onde-deveria-participar-na-cimeira-do-g20","status":"publish","type":"post","link":"https:\/\/www.europesays.com\/pt\/160017\/","title":{"rendered":"Jo\u00e3o Louren\u00e7o adia viagem \u2033por raz\u00f5es de for\u00e7a maior\u2033\u00a0 \u00e0 Africa do Sul, onde deveria participar na Cimeira do G20"},"content":{"rendered":"<p>O Chefe de Estado, Jo\u00e3o Louren\u00e7o, que deveria deslocar-se esta sexta-feira, 21, \u00e0 cidade de Joanesburgo, \u00c1frica do Sul, para participar na Cimeira do G20, que acontece no s\u00e1bado e no domingo, adiou a viagem &#8220;por raz\u00f5es de for\u00e7a maior&#8221;, informou em comunicado a Presid\u00eancia da Rep\u00fablica.<\/p>\n<p>NJ<\/p>\n<p>21 de Novembro\u00a02025 \u00e0s 10:01<\/p>\n<p>A cimeira, segundo o servi\u00e7os de imprensa da Presid\u00eancia da Rep\u00fablica, vai debater v\u00e1rios temas de interesse global, com forte incid\u00eancia nas quest\u00f5es econ\u00f3micas.<\/p>\n<p>Entre os assuntos de maior destaque constam &#8220;o crescimento econ\u00f3mico inclusivo e sustent\u00e1vel, com foco na redu\u00e7\u00e3o das desigualdades e no compromisso de n\u00e3o deixar nenhum pa\u00eds para tr\u00e1s&#8221;.<\/p>\n<p>O Presidente da Rep\u00fablica foi convidado na qualidade de Presidente em exerc\u00edcio da Uni\u00e3o Africana e estava previsto discursar.<\/p>\n<p>Segundo o programa, os participantes v\u00e3o igualmente abordar desafios actuais relacionados com a constru\u00e7\u00e3o e moderniza\u00e7\u00e3o das economias, o desequil\u00edbrio persistente entre o Norte desenvolvido e o Sul global, as necessidades de financiamento ao desenvolvimento e o agravado peso da d\u00edvida externa que afecta, sobretudo, os pa\u00edses menos desenvolvidos.<\/p>\n<p>O G20 re\u00fane as 19 maiores economias do mundo, a Uni\u00e3o Europeia (EU) e a Uni\u00e3o Africana (UA), representando 85% do Produto Interno Bruto (PIB) global. Apesar da aus\u00eancia dos EUA, altos funcion\u00e1rios norte-americanos v\u00e3o marcar presen\u00e7a na cimeira, a primeira que se realiza em \u00c1frica.<\/p>\n<p><strong><a href=\"https:\/\/novojornal.co.ao\/internacional\/detalhe\/aprovada-declaracao-do-g20-com-mencoes-timidas-sobre-imposto-para-super-ricos-e-conflitos-62914.html\" target=\"_blank\" rel=\"nofollow noopener\">Na \u00faltima cimeira, em Novembro do ano passado, os l\u00edderes do G20 conseguiram chegar a consenso sobre uma declara\u00e7\u00e3o final, em que destacavam a alian\u00e7a global contra a fome, mas com reduzidas men\u00e7\u00f5es aos v\u00e1rios conflitos regionais e o imposto sobre super-ricos.<\/a><\/strong><\/p>\n","protected":false},"excerpt":{"rendered":"O Chefe de Estado, Jo\u00e3o Louren\u00e7o, que deveria deslocar-se esta sexta-feira, 21, \u00e0 cidade de Joanesburgo, \u00c1frica do&hellip;\n","protected":false},"author":2,"featured_media":160018,"comment_status":"","ping_status":"","sticky":false,"template":"","format":"standard","meta":{"footnotes":""},"categories":[50],"tags":[2992,2713,836,1063,1753,3003,2995,27,28,470,1195,315,135,3005,476,2993,2258,1169,15,16,2085,524,3002,3000,643,14,2998,2086,1856,82,2513,1428,25,26,2996,2994,2997,21,22,606,3001,62,150,619,12,718,2990,13,19,20,2991,2989,835,602,52,32,23,24,2999,548,679,58,2387,218,605,17,18,151,29,30,31,578,63,64,65,3004],"class_list":{"0":"post-160017","1":"post","2":"type-post","3":"status-publish","4":"format-standard","5":"has-post-thumbnail","7":"category-mundo","8":"tag-actualidade","9":"tag-africa","10":"tag-analise","11":"tag-angola","12":"tag-artes","13":"tag-assinatura","14":"tag-benguela","15":"tag-breaking-news","16":"tag-breakingnews","17":"tag-cinema","18":"tag-concerto","19":"tag-cultura","20":"tag-desporto","21":"tag-download","22":"tag-economia","23":"tag-editorial","24":"tag-eleicoes","25":"tag-facebook","26":"tag-featured-news","27":"tag-featurednews","28":"tag-fotografia","29":"tag-futebol","30":"tag-galeria","31":"tag-girabola","32":"tag-google","33":"tag-headlines","34":"tag-huambo","35":"tag-imagem","36":"tag-informacao","37":"tag-internacional","38":"tag-jornal","39":"tag-jornalismo","40":"tag-latest-news","41":"tag-latestnews","42":"tag-lobito","43":"tag-luanda","44":"tag-lubango","45":"tag-main-news","46":"tag-mainnews","47":"tag-meteorologia","48":"tag-multimedia","49":"tag-mundo","50":"tag-musica","51":"tag-nacional","52":"tag-news","53":"tag-newsletter","54":"tag-nj","55":"tag-noticias","56":"tag-noticias-principais","57":"tag-noticiasprincipais","58":"tag-nova-vaga","59":"tag-novo-jornal","60":"tag-opiniao","61":"tag-pais","62":"tag-politica","63":"tag-portugal","64":"tag-principais-noticias","65":"tag-principaisnoticias","66":"tag-provincias","67":"tag-redes-sociais","68":"tag-reportagem","69":"tag-sociedade","70":"tag-teatro","71":"tag-televisao","72":"tag-tempo","73":"tag-top-stories","74":"tag-topstories","75":"tag-tv","76":"tag-ultimas","77":"tag-ultimas-noticias","78":"tag-ultimasnoticias","79":"tag-video","80":"tag-world","81":"tag-world-news","82":"tag-worldnews","83":"tag-youtube"},"share_on_mastodon":{"url":"","error":"Validation failed: Text character limit of 500 exceeded"},"_links":{"self":[{"href":"https:\/\/www.europesays.com\/pt\/wp-json\/wp\/v2\/posts\/160017","targetHints":{"allow":["GET"]}}],"collection":[{"href":"https:\/\/www.europesays.com\/pt\/wp-json\/wp\/v2\/posts"}],"about":[{"href":"https:\/\/www.europesays.com\/pt\/wp-json\/wp\/v2\/types\/post"}],"author":[{"embeddable":true,"href":"https:\/\/www.europesays.com\/pt\/wp-json\/wp\/v2\/users\/2"}],"replies":[{"embeddable":true,"href":"https:\/\/www.europesays.com\/pt\/wp-json\/wp\/v2\/comments?post=160017"}],"version-history":[{"count":0,"href":"https:\/\/www.europesays.com\/pt\/wp-json\/wp\/v2\/posts\/160017\/revisions"}],"wp:featuredmedia":[{"embeddable":true,"href":"https:\/\/www.europesays.com\/pt\/wp-json\/wp\/v2\/media\/160018"}],"wp:attachment":[{"href":"https:\/\/www.europesays.com\/pt\/wp-json\/wp\/v2\/media?parent=160017"}],"wp:term":[{"taxonomy":"category","embeddable":true,"href":"https:\/\/www.europesays.com\/pt\/wp-json\/wp\/v2\/categories?post=160017"},{"taxonomy":"post_tag","embeddable":true,"href":"https:\/\/www.europesays.com\/pt\/wp-json\/wp\/v2\/tags?post=160017"}],"curies":[{"name":"wp","href":"https:\/\/api.w.org\/{rel}","templated":true}]}}