{"id":160021,"date":"2025-11-21T13:35:13","date_gmt":"2025-11-21T13:35:13","guid":{"rendered":"https:\/\/www.europesays.com\/pt\/160021\/"},"modified":"2025-11-21T13:35:13","modified_gmt":"2025-11-21T13:35:13","slug":"skunk-anansie-confirmados-no-nos-alive-2","status":"publish","type":"post","link":"https:\/\/www.europesays.com\/pt\/160021\/","title":{"rendered":"Skunk Anansie confirmados no NOS Alive"},"content":{"rendered":"<p>Os<strong> Skunk Anansie<\/strong> s\u00e3o a nova confirma\u00e7\u00e3o do <strong>NOS Alive<\/strong>.<\/p>\n<p>A banda brit\u00e2nica, liderada pela vocalista <strong>Skin<\/strong>, atua no dia <strong>10 de julho, no palco NOS<\/strong>.<\/p>\n<p>Este ano, os Skunk Anansie apresentaram-se ao vivo <strong>no Porto, em Lisboa e no Barrelas Summer Fest<\/strong>.<\/p>\n<p>Em maio, os ingleses lan\u00e7aram <strong>o \u00e1lbum &#8220;The Painful Truth&#8221;<\/strong>, gravado enquanto o <a href=\"https:\/\/expresso.pt\/blitz\/2025-02-27-cass-baixista-dos-skunk-anansie-venceu-um-cancro-agressivo-o-regresso-aos-concertos-e-esta-semana-em-portugal-952ead16\" target=\"_blank\" rel=\"noreferrer noopener nofollow\">baixista Richard \u201cCass\u201d Lewis lutava contra um cancro<\/a>.<\/p>\n<p>Estes s\u00e3o os<strong> nomes confirmados no NOS Alive 2026<\/strong> at\u00e9 agora:<\/p>\n<p><strong>9 de julho<\/strong><br \/><strong>Palco NOS<\/strong><br \/>Nick Cave &amp; The Bad Seeds<br \/>Twenty One Pilots<br \/>A Perfect Circle<\/p>\n<p><strong>Palco Heineken<\/strong><br \/>Matt Berninger<br \/>Dogstar<br \/>Alabama Shakes<\/p>\n<p><strong>10 de julho<\/strong><br \/><strong>Palco NOS<\/strong><br \/>Foo Fighters<br \/>Wolf Alice<br \/>The Warning<\/p>\n<p><strong>Palco Heineken<\/strong><br \/>Jehnny Beth<br \/>Zara Larsson<br \/>The War on Drugs<br \/>Palaye Royale<\/p>\n<p><strong>WTF Clubbing<\/strong><br \/>SBTRKT (DJ set)<br \/>Digitalism<br \/>Fiona Kraft<br \/>Chris Luno<br \/>La Fleur<br \/>Stresshead<\/p>\n<p><strong>11 de julho<\/strong><br \/><strong>Palco NOS<\/strong><br \/>Florence + The Machine<br \/>Buraka Som Sistema<br \/>Lorde<br \/>Teddy Swims<\/p>\n<p><strong>Palco Heineken<\/strong><br \/>Pixies<br \/>Florence Road<\/p>\n<p><a href=\"https:\/\/promo.impresa.pt\/data\/content\/binaries\/custom\/expresso\/expressopapel\/RevistaBlitzVol2.html?action=GEN&amp;channel=BAA&amp;type=GEN&amp;source=WEB\" target=\"_blank\" rel=\"noreferrer noopener nofollow\"><strong>Compre aqui o 2\u00ba volume da Revista Especial BLITZ 40 anos, uma edi\u00e7\u00e3o hist\u00f3rica em formato \u2018bookazine\u2019 (132 p\u00e1ginas, papel melhorado) que coloca em destaque os 40 melhores discos da m\u00fasica internacional desde a funda\u00e7\u00e3o da marca BLITZ.<\/strong><\/a><\/p>\n","protected":false},"excerpt":{"rendered":"Os Skunk Anansie s\u00e3o a nova confirma\u00e7\u00e3o do NOS Alive. A banda brit\u00e2nica, liderada pela vocalista Skin, atua&hellip;\n","protected":false},"author":2,"featured_media":160022,"comment_status":"","ping_status":"","sticky":false,"template":"","format":"standard","meta":{"footnotes":""},"categories":[141],"tags":[114,115,149,150,32,33],"class_list":{"0":"post-160021","1":"post","2":"type-post","3":"status-publish","4":"format-standard","5":"has-post-thumbnail","7":"category-musica","8":"tag-entertainment","9":"tag-entretenimento","10":"tag-music","11":"tag-musica","12":"tag-portugal","13":"tag-pt"},"share_on_mastodon":{"url":"https:\/\/pubeurope.com\/@pt\/115587955122324478","error":""},"_links":{"self":[{"href":"https:\/\/www.europesays.com\/pt\/wp-json\/wp\/v2\/posts\/160021","targetHints":{"allow":["GET"]}}],"collection":[{"href":"https:\/\/www.europesays.com\/pt\/wp-json\/wp\/v2\/posts"}],"about":[{"href":"https:\/\/www.europesays.com\/pt\/wp-json\/wp\/v2\/types\/post"}],"author":[{"embeddable":true,"href":"https:\/\/www.europesays.com\/pt\/wp-json\/wp\/v2\/users\/2"}],"replies":[{"embeddable":true,"href":"https:\/\/www.europesays.com\/pt\/wp-json\/wp\/v2\/comments?post=160021"}],"version-history":[{"count":0,"href":"https:\/\/www.europesays.com\/pt\/wp-json\/wp\/v2\/posts\/160021\/revisions"}],"wp:featuredmedia":[{"embeddable":true,"href":"https:\/\/www.europesays.com\/pt\/wp-json\/wp\/v2\/media\/160022"}],"wp:attachment":[{"href":"https:\/\/www.europesays.com\/pt\/wp-json\/wp\/v2\/media?parent=160021"}],"wp:term":[{"taxonomy":"category","embeddable":true,"href":"https:\/\/www.europesays.com\/pt\/wp-json\/wp\/v2\/categories?post=160021"},{"taxonomy":"post_tag","embeddable":true,"href":"https:\/\/www.europesays.com\/pt\/wp-json\/wp\/v2\/tags?post=160021"}],"curies":[{"name":"wp","href":"https:\/\/api.w.org\/{rel}","templated":true}]}}