{"id":160026,"date":"2025-11-21T13:38:10","date_gmt":"2025-11-21T13:38:10","guid":{"rendered":"https:\/\/www.europesays.com\/pt\/160026\/"},"modified":"2025-11-21T13:38:10","modified_gmt":"2025-11-21T13:38:10","slug":"nova-estirpe-da-gripe-esta-a-originar-mais-casos-e-vacinar-e-a-nossa-melhor-arma","status":"publish","type":"post","link":"https:\/\/www.europesays.com\/pt\/160026\/","title":{"rendered":"Nova estirpe da gripe est\u00e1 a originar mais casos e &#8220;vacinar \u00e9 a nossa melhor arma&#8221;"},"content":{"rendered":"<p>&#13;<br \/>\nSegundo a avalia\u00e7\u00e3o de risco publicada no &#8216;site&#8217; do ECDC, em compara\u00e7\u00e3o com anos anteriores, <b>os casos est\u00e3o a surgir tr\u00eas a quatro semanas mais cedo e a circula\u00e7\u00e3o est\u00e1 a ser impulsionada por uma nova estirpe de gripe A (H3N2), subtipo K.<\/b>&#13;\n<\/p>\n<p>&#13;<br \/>\nUma inquieta\u00e7\u00e3o para os profissionais de sa\u00fade at\u00e9 porque a vacina da gripe, produzida para este ano, n\u00e3o assegurar o combate \u00e0 nova estirpe.&#13;\n<\/p>\n<p>Ainda, explica o presidente da Associa\u00e7\u00e3o Nacional dos M\u00e9dicos de Sa\u00fade P\u00fablica, \u00e0 Antena 1, a vacina\u00e7\u00e3o \u00e9 importante. E quanto mais depressa melhor.<\/p>\n<p>Bernardo Gomes avan\u00e7a que este aviso de risco moderado do Centro Europeu de Preven\u00e7\u00e3o e Controlo de Doen\u00e7as, \u00e9 uma forma de alertar que surgiu uma nova estirpe e que mediante de resposta imunit\u00e1ria podemos ter uma \u00e9poca de gripe mais complicada&#13;\n<\/p>\n<p>&#13;<br \/>\n\u201cNa pr\u00e1tica\u201d, diz o presidente da Associa\u00e7\u00e3o Nacional dos M\u00e9dicos de Sa\u00fade P\u00fablica, \u201ca chamada de aten\u00e7\u00e3o fulcral \u00e9 vacinar. \u00c9 a nossa melhor arma.\u201d&#13;\n<\/p>\n<p>          <img decoding=\"async\" itemprop=\"image\" class=\"img-fluid\"   src=\"https:\/\/www.europesays.com\/pt\/wp-content\/uploads\/2025\/11\/1763732290_683_bg_playeraudio_1.jpg\"\/><\/p>\n<p>Embora ainda haja incertezas quanto ao impacto da pr\u00f3xima temporada de gripe na sa\u00fade p\u00fablica, o ECDC diz que as autoridades se devem preparar para o cen\u00e1rio de &#8220;uma temporada de gripe mais severa&#8221; na Europa, especialmente se houver baixa ades\u00e3o \u00e0 vacina\u00e7\u00e3o.<\/p>\n<p>Um n\u00famero de infe\u00e7\u00f5es acima do normal tamb\u00e9m aumentaria a press\u00e3o sobre os sistemas de sa\u00fade, alerta o ECDC.<\/p>\n<p>&#8220;<b>Estamos a observar um aumento nos casos de gripe muito mais cedo do que o normal este ano e isso significa que o tempo \u00e9 crucial<\/b>&#8220;, afirma o chefe da sec\u00e7\u00e3o de V\u00edrus Respirat\u00f3rios do ECDC, Edoardo Colzani apelando: &#8220;Se tem direito \u00e0 vacina\u00e7\u00e3o, por favor, n\u00e3o espere. Vacinar-se agora \u00e9 uma das maneiras mais eficazes de se proteger e proteger as pessoas ao seu redor de doen\u00e7as graves neste inverno&#8221;.<\/p>\n<p><b>O ECDC insiste que as pessoas com maior risco de desenvolver doen\u00e7a grave se devem vacinar sem demora. <\/b>Esses grupos incluem <b>pessoas com mais de 65 anos, gr\u00e1vidas, pessoas com doen\u00e7as preexistentes e cr\u00f3nicas ou imunocomprometidas e pessoas que vivem em ambientes fechados<\/b>, como institui\u00e7\u00f5es de cuidados continuados e lares. Recomenda igualmente a vacina\u00e7\u00e3o aos profissionais de sa\u00fade ou trabalhadores de institui\u00e7\u00f5es de longa perman\u00eancia.<\/p>\n<p>Aconselha os servi\u00e7os de sa\u00fade e as institui\u00e7\u00f5es de longa perman\u00eancia a fortalecerem seus planos de prepara\u00e7\u00e3o e medidas de preven\u00e7\u00e3o e controle de infe\u00e7\u00f5es, al\u00e9m de incentivarem funcion\u00e1rios e visitantes a usar m\u00e1scaras durante per\u00edodos de maior circula\u00e7\u00e3o de v\u00edrus respirat\u00f3rios.<br \/>&#13;<br \/>\n<b><br \/>&#13;<br \/>\nO ECDC defende igualmente que os profissionais de sa\u00fade devem considerar a administra\u00e7\u00e3o imediata de antivirais a pacientes com maior risco de desenvolver doen\u00e7a grave para reduzir complica\u00e7\u00f5es.<\/b><\/p>\n<p>Os profissionais de sa\u00fade devem tamb\u00e9m considerar o uso de profilaxia antiviral durante surtos em ambientes fechados, como institui\u00e7\u00f5es de cuidados continuados ou lares.<\/p>\n<p>Apela ainda aos pa\u00edses que promovam uma &#8220;comunica\u00e7\u00e3o clara e personalizada&#8221; sobre vacina\u00e7\u00e3o, higiene das m\u00e3os e etiqueta respirat\u00f3ria para ajudar a reduzir a transmiss\u00e3o na comunidade.<\/p>\n<p>Segundo o ECDC, numa temporada t\u00edpica, a gripe causa morbidade substancial na popula\u00e7\u00e3o europeia, com at\u00e9 50 milh\u00f5es de casos sintom\u00e1ticos e 15 mil a 70 mil mortes por ano.<br \/>&#13;<br \/>\n<br \/>&#13;<br \/>\nPortugal registou 1.609 \u00f3bitos em excesso durante a epidemia de gripe de dezembro de 2024 a janeiro de 2025, per\u00edodo coincidente com a epidemia de gripe e temperaturas extremas, afetando sobretudo mulheres e pessoas com mais de 85 anos.<br \/>&#13;<br \/>\n<b>O Centro de Controlo de Doen\u00e7as avisa que todas as faixas et\u00e1rias s\u00e3o afetadas, embora as crian\u00e7as apresentem taxas de doen\u00e7a mais elevadas e, geralmente, sejam as primeiras a adoecer e transmitir a doen\u00e7a nos seus domic\u00edlios, o que pode impulsionar a transmiss\u00e3o na comunidade.<\/b><\/p>\n<p>&#13;<br \/>\nEstima-se que at\u00e9 20% da popula\u00e7\u00e3o contraia gripe anualmente, o que resulta em aus\u00eancias escolares e laborais e num &#8220;impacto significativo&#8221; nos sistemas de sa\u00fade, avisa o Centro de Controlo de Doen\u00e7as, alertando que o impacto \u00e9 maior em ambientes fechados, como institui\u00e7\u00f5es de longa perman\u00eancia.&#13;\n<\/p>\n<p>&#13;<br \/>\nc\/ Lusa&#13;\n<\/p>\n<p><\/p>\n","protected":false},"excerpt":{"rendered":"&#13; Segundo a avalia\u00e7\u00e3o de risco publicada no &#8216;site&#8217; do ECDC, em compara\u00e7\u00e3o com anos anteriores, os casos&hellip;\n","protected":false},"author":2,"featured_media":159934,"comment_status":"","ping_status":"","sticky":false,"template":"","format":"standard","meta":{"footnotes":""},"categories":[86],"tags":[34065,33846,1418,116,32,33,117,2782],"class_list":{"0":"post-160026","1":"post","2":"type-post","3":"status-publish","4":"format-standard","5":"has-post-thumbnail","7":"category-saude","8":"tag-associacao-nacional-dos-medicos-de-saude-publica","9":"tag-ecdc","10":"tag-gripe","11":"tag-health","12":"tag-portugal","13":"tag-pt","14":"tag-saude","15":"tag-vacinas"},"share_on_mastodon":{"url":"https:\/\/pubeurope.com\/@pt\/115587967116121021","error":""},"_links":{"self":[{"href":"https:\/\/www.europesays.com\/pt\/wp-json\/wp\/v2\/posts\/160026","targetHints":{"allow":["GET"]}}],"collection":[{"href":"https:\/\/www.europesays.com\/pt\/wp-json\/wp\/v2\/posts"}],"about":[{"href":"https:\/\/www.europesays.com\/pt\/wp-json\/wp\/v2\/types\/post"}],"author":[{"embeddable":true,"href":"https:\/\/www.europesays.com\/pt\/wp-json\/wp\/v2\/users\/2"}],"replies":[{"embeddable":true,"href":"https:\/\/www.europesays.com\/pt\/wp-json\/wp\/v2\/comments?post=160026"}],"version-history":[{"count":0,"href":"https:\/\/www.europesays.com\/pt\/wp-json\/wp\/v2\/posts\/160026\/revisions"}],"wp:featuredmedia":[{"embeddable":true,"href":"https:\/\/www.europesays.com\/pt\/wp-json\/wp\/v2\/media\/159934"}],"wp:attachment":[{"href":"https:\/\/www.europesays.com\/pt\/wp-json\/wp\/v2\/media?parent=160026"}],"wp:term":[{"taxonomy":"category","embeddable":true,"href":"https:\/\/www.europesays.com\/pt\/wp-json\/wp\/v2\/categories?post=160026"},{"taxonomy":"post_tag","embeddable":true,"href":"https:\/\/www.europesays.com\/pt\/wp-json\/wp\/v2\/tags?post=160026"}],"curies":[{"name":"wp","href":"https:\/\/api.w.org\/{rel}","templated":true}]}}