{"id":160027,"date":"2025-11-21T13:39:36","date_gmt":"2025-11-21T13:39:36","guid":{"rendered":"https:\/\/www.europesays.com\/pt\/160027\/"},"modified":"2025-11-21T13:39:36","modified_gmt":"2025-11-21T13:39:36","slug":"e-nas-boleias-que-comecam-as-traicoes-isabel-figueira-apoia-liliana-aguiar","status":"publish","type":"post","link":"https:\/\/www.europesays.com\/pt\/160027\/","title":{"rendered":"&#8220;\u00c9 nas boleias que come\u00e7am as trai\u00e7\u00f5es&#8221;. Isabel Figueira &#8216;apoia&#8217; Liliana Aguiar"},"content":{"rendered":"<p>O v\u00eddeo partilhado por Liliana Aguiar nas redes sociais, em que a empres\u00e1ria surge ao lado do marido e do filho a explicar que, no seu ponto de vista, um homem casado n\u00e3o deve dar \u201cboleia\u201d \u00e0s amigas e colegas de trabalho, foi abordado no programa \u2018V+Fama\u2019 desta quarta-feira, 19 de novembro.<\/p>\n<p>Depois de ouvir os colegas Ant\u00f3nio Leal e Silva e Guilherme Castelo Branco, Isabel Figueira mostrou-se preponderante: <strong>\u201c\u00c9 nas boleias que come\u00e7am as trai\u00e7\u00f5es\u201d<\/strong>, come\u00e7ou por sublinhar.<\/p>\n<p>Perplexa com as opini\u00f5es do filho de Jos\u00e9 Castelo Branco e de Adriano Silva Martins, que n\u00e3o concordaram com Liliana Aguiar, a comentadora deu o seu ponto de vista.<\/p>\n<p><strong>\u201c\u00c9 uma boleiazinha ali, outra acol\u00e1, \u00e9 o gosto na fotografia\u2026Voc\u00eas tamb\u00e9m t\u00eam uma mente, isto \u00e9 tudo bar aberto. Ele tamb\u00e9m n\u00e3o gosta que ela d\u00ea boleias a colegas, est\u00e3o no Dubai, seja no Dubai ou em Portugal, acho muito bem! Uma coisa \u00e9 uma amiga em comum, agora boleia a amigas? Vai de Uber, apanha um autocarro, qual a necessidade de ar boleia a amigas?\u201d<\/strong>, questionou.<\/p>\n<p>Adriano Silva Martins mostrou-se \u201cchocado\u201d com a opini\u00e3o da comentadora bem como de Ant\u00f3nio Leal e Silva, deixando uma reflex\u00e3o:<strong> \u201cEnt\u00e3o n\u00e3o se pode dar uma boleia a uma mulher, quando se \u00e9 um homem casado? L\u00e1 por uns pagam outros? Eu n\u00e3o acredito que estejas a dizer isso\u201d<\/strong>, referiu.<\/p>\n<p>Depois de ouvir o anfitri\u00e3o do programa, Isabel Figueira completou ainda:<strong> \u201cEu n\u00e3o estou nada chocada, acho muito bem! (\u2026)\u201d<\/strong>.<\/p>\n<p>Recorde aqui:<\/p>\n<blockquote class=\"wp-embedded-content\" data-secret=\"Y2ZrCwNJT9\">\n<p><a href=\"https:\/\/www.hiper.fm\/boleia-a-outras-mulheres-liliana-aguiar-atira-marido-nosso-nao-tem-de-dar-boleia-as-amigas\/\" rel=\"nofollow noopener\" target=\"_blank\">\u201cBoleia\u201d a outras mulheres? Liliana Aguiar \u2018atira\u2019: \u201cMarido nosso n\u00e3o tem de dar boleia \u00e0s amigas\u2026\u201d<\/a><\/p>\n<\/blockquote>\n","protected":false},"excerpt":{"rendered":"O v\u00eddeo partilhado por Liliana Aguiar nas redes sociais, em que a empres\u00e1ria surge ao lado do marido&hellip;\n","protected":false},"author":2,"featured_media":160028,"comment_status":"","ping_status":"","sticky":false,"template":"","format":"standard","meta":{"footnotes":""},"categories":[85],"tags":[114,115,23132,12871,32,33],"class_list":{"0":"post-160027","1":"post","2":"type-post","3":"status-publish","4":"format-standard","5":"has-post-thumbnail","7":"category-entretenimento","8":"tag-entertainment","9":"tag-entretenimento","10":"tag-isabel-figueira","11":"tag-liliana-aguiar","12":"tag-portugal","13":"tag-pt"},"share_on_mastodon":{"url":"https:\/\/pubeurope.com\/@pt\/115587970743354989","error":""},"_links":{"self":[{"href":"https:\/\/www.europesays.com\/pt\/wp-json\/wp\/v2\/posts\/160027","targetHints":{"allow":["GET"]}}],"collection":[{"href":"https:\/\/www.europesays.com\/pt\/wp-json\/wp\/v2\/posts"}],"about":[{"href":"https:\/\/www.europesays.com\/pt\/wp-json\/wp\/v2\/types\/post"}],"author":[{"embeddable":true,"href":"https:\/\/www.europesays.com\/pt\/wp-json\/wp\/v2\/users\/2"}],"replies":[{"embeddable":true,"href":"https:\/\/www.europesays.com\/pt\/wp-json\/wp\/v2\/comments?post=160027"}],"version-history":[{"count":0,"href":"https:\/\/www.europesays.com\/pt\/wp-json\/wp\/v2\/posts\/160027\/revisions"}],"wp:featuredmedia":[{"embeddable":true,"href":"https:\/\/www.europesays.com\/pt\/wp-json\/wp\/v2\/media\/160028"}],"wp:attachment":[{"href":"https:\/\/www.europesays.com\/pt\/wp-json\/wp\/v2\/media?parent=160027"}],"wp:term":[{"taxonomy":"category","embeddable":true,"href":"https:\/\/www.europesays.com\/pt\/wp-json\/wp\/v2\/categories?post=160027"},{"taxonomy":"post_tag","embeddable":true,"href":"https:\/\/www.europesays.com\/pt\/wp-json\/wp\/v2\/tags?post=160027"}],"curies":[{"name":"wp","href":"https:\/\/api.w.org\/{rel}","templated":true}]}}