{"id":160035,"date":"2025-11-21T13:50:24","date_gmt":"2025-11-21T13:50:24","guid":{"rendered":"https:\/\/www.europesays.com\/pt\/160035\/"},"modified":"2025-11-21T13:50:24","modified_gmt":"2025-11-21T13:50:24","slug":"o-filme-de-guerra-que-foi-um-dos-mais-vistos-no-streaming-por-5-anos-consecutivos-uma-aventura-epica-estrelada-por-tom-hanks-noticias-de-cinema","status":"publish","type":"post","link":"https:\/\/www.europesays.com\/pt\/160035\/","title":{"rendered":"O filme de guerra que foi um dos mais vistos no streaming por 5 anos consecutivos: Uma aventura \u00e9pica estrelada por Tom Hanks &#8211; Not\u00edcias de cinema"},"content":{"rendered":"<p>Um sucesso com longevidade extraordin\u00e1ria que em breve ter\u00e1 sequ\u00eancia.<\/p>\n<p class=\"bo-p\">\u00c9 relativamente dif\u00edcil um filme permanecer entre os mais assistidos de uma plataforma por muito tempo, j\u00e1 que eles gradualmente perdem o brilho com a chegada de novos lan\u00e7amentos. No entanto, existe um filme de guerra que <a href=\"https:\/\/www.adorocinema.com\/noticias\/filmes\/noticia-1000169145\/\" class=\"bo-link\" rel=\"nofollow noopener\" target=\"_blank\">est\u00e1 entre os mais vistos do streaming<\/a> h\u00e1 impressionantes 5 anos seguidos!<\/p>\n<p class=\"bo-p\"><a href=\"https:\/\/www.adorocinema.com\/filmes\/filme-250108\/\" class=\"bo-link\" rel=\"nofollow noopener\" target=\"_blank\">Greyhound: Na Mira do Inimigo<\/a> foi um dos primeiros filmes lan\u00e7ados pelo Apple TV+, chegando \u00e0 plataforma em 10 de julho de 2020 sem passar pelos cinemas. Isso se deve, em grande parte, \u00e0 pandemia do coronav\u00edrus, j\u00e1 que a produ\u00e7\u00e3o da Sony estava destinada \u00e0 exibi\u00e7\u00e3o em tela grande. O est\u00fadio acabou vendendo os direitos para a Apple \u2013 sim, basicamente a mesma coisa <a href=\"https:\/\/www.adorocinema.com\/noticias\/filmes\/noticia-1000161688\/\" class=\"bo-link\" rel=\"nofollow noopener\" target=\"_blank\">que aconteceu recentemente<\/a> com <a href=\"https:\/\/www.adorocinema.com\/filmes\/filme-291011\/\" class=\"bo-link\" rel=\"nofollow noopener\" target=\"_blank\">Guerreiras do K-Pop<\/a>.<\/p>\n<p>Longevidade extraordin\u00e1ria<\/p>\n<p>                                <img loading=\"lazy\" decoding=\"async\" class=\"article-figure-img\" src=\"https:\/\/www.europesays.com\/pt\/wp-content\/uploads\/2025\/11\/f0743a6c56be5dca7d2fd3d4286a2bca.jpg\" width=\"640\" height=\"320\" alt=\"\"\/><\/p>\n<p>                                    Apple TV+<\/p>\n<p class=\"bo-p\">Embora n\u00e3o haja dados espec\u00edficos de visualiza\u00e7\u00e3o dispon\u00edveis, j\u00e1 que a Apple simplesmente n\u00e3o fornece essas informa\u00e7\u00f5es, Greyhound tem figurado consistentemente no Top 10 mundial do Flixpatrol h\u00e1 cinco anos.<\/p>\n<p class=\"bo-p\">Obviamente, o n\u00famero limitado de filmes exclusivos do Apple TV+ favorece a enorme longevidade de Greyhound. E, como esperado, seu sucesso n\u00e3o passou despercebido, j\u00e1 que uma sequ\u00eancia est\u00e1 em produ\u00e7\u00e3o, com <a href=\"https:\/\/www.adorocinema.com\/personalidades\/personalidade-14100\/\" class=\"bo-link\" rel=\"nofollow noopener\" target=\"_blank\">Tom Hanks<\/a> novamente no papel do <b>Capit\u00e3o Krause<\/b>. As filmagens devem come\u00e7ar no in\u00edcio de 2026.<\/p>\n<p class=\"bo-p\">Dirigido por <a href=\"https:\/\/www.adorocinema.com\/personalidades\/personalidade-65839\/\" class=\"bo-link\" rel=\"nofollow noopener\" target=\"_blank\">Aaron Schneider<\/a>, <b>Greyhound: Na Mira do Inimigo<\/b> nos leva de volta a 1942 para explorar os est\u00e1gios iniciais do envolvimento dos Estados Unidos <a href=\"https:\/\/www.adorocinema.com\/noticias\/filmes\/noticia-1000164536\/\" class=\"bo-link\" rel=\"nofollow noopener\" target=\"_blank\">na Segunda Guerra Mundial<\/a>. A hist\u00f3ria gira em torno de como um comboio internacional de suprimentos \u00e9 atacado por submarinos alem\u00e3es enquanto atravessa o Atl\u00e2ntico Norte.<\/p>\n<p class=\"bo-p\">O filme foi bem recebido pela cr\u00edtica na \u00e9poca, com 78% de aprova\u00e7\u00e3o no Rotten Tomatoes \u2013 <a href=\"https:\/\/www.adorocinema.com\/noticias\/filmes\/noticia-1000141527\/\" class=\"bo-link\" rel=\"nofollow noopener\" target=\"_blank\">apesar de ter decepcionado Tom Hanks<\/a>&#8230;<\/p>\n","protected":false},"excerpt":{"rendered":"Um sucesso com longevidade extraordin\u00e1ria que em breve ter\u00e1 sequ\u00eancia. \u00c9 relativamente dif\u00edcil um filme permanecer entre os&hellip;\n","protected":false},"author":2,"featured_media":160036,"comment_status":"","ping_status":"","sticky":false,"template":"","format":"standard","meta":{"footnotes":""},"categories":[140],"tags":[114,115,147,148,146,32,33],"class_list":{"0":"post-160035","1":"post","2":"type-post","3":"status-publish","4":"format-standard","5":"has-post-thumbnail","7":"category-filmes","8":"tag-entertainment","9":"tag-entretenimento","10":"tag-film","11":"tag-filmes","12":"tag-movies","13":"tag-portugal","14":"tag-pt"},"share_on_mastodon":{"url":"https:\/\/pubeurope.com\/@pt\/115588014188713939","error":""},"_links":{"self":[{"href":"https:\/\/www.europesays.com\/pt\/wp-json\/wp\/v2\/posts\/160035","targetHints":{"allow":["GET"]}}],"collection":[{"href":"https:\/\/www.europesays.com\/pt\/wp-json\/wp\/v2\/posts"}],"about":[{"href":"https:\/\/www.europesays.com\/pt\/wp-json\/wp\/v2\/types\/post"}],"author":[{"embeddable":true,"href":"https:\/\/www.europesays.com\/pt\/wp-json\/wp\/v2\/users\/2"}],"replies":[{"embeddable":true,"href":"https:\/\/www.europesays.com\/pt\/wp-json\/wp\/v2\/comments?post=160035"}],"version-history":[{"count":0,"href":"https:\/\/www.europesays.com\/pt\/wp-json\/wp\/v2\/posts\/160035\/revisions"}],"wp:featuredmedia":[{"embeddable":true,"href":"https:\/\/www.europesays.com\/pt\/wp-json\/wp\/v2\/media\/160036"}],"wp:attachment":[{"href":"https:\/\/www.europesays.com\/pt\/wp-json\/wp\/v2\/media?parent=160035"}],"wp:term":[{"taxonomy":"category","embeddable":true,"href":"https:\/\/www.europesays.com\/pt\/wp-json\/wp\/v2\/categories?post=160035"},{"taxonomy":"post_tag","embeddable":true,"href":"https:\/\/www.europesays.com\/pt\/wp-json\/wp\/v2\/tags?post=160035"}],"curies":[{"name":"wp","href":"https:\/\/api.w.org\/{rel}","templated":true}]}}