{"id":160039,"date":"2025-11-21T13:52:09","date_gmt":"2025-11-21T13:52:09","guid":{"rendered":"https:\/\/www.europesays.com\/pt\/160039\/"},"modified":"2025-11-21T13:52:09","modified_gmt":"2025-11-21T13:52:09","slug":"dengue-sc-saude-aplica-inseticida-no-instituto-estadual-de-educacao-para-prevencao-e-controle-do-mosquito-aedes-aegypti","status":"publish","type":"post","link":"https:\/\/www.europesays.com\/pt\/160039\/","title":{"rendered":"Dengue SC: Sa\u00fade aplica inseticida no Instituto Estadual de Educa\u00e7\u00e3o para preven\u00e7\u00e3o e controle do mosquito Aedes aegypti"},"content":{"rendered":"<p>Foto: Divulga\u00e7\u00e3o\/SES<\/p>\n<p>A Secretaria de Estado da Sa\u00fade (SES), em parceria com a Secretaria de Estado da Educa\u00e7\u00e3o (SED) e Secretaria Municipal de Sa\u00fade de Florian\u00f3polis, realizou nesta sexta-feira, 21, a aplica\u00e7\u00e3o de inseticida com a t\u00e9cnica de Borrifa\u00e7\u00e3o Residual Intradomiciliar (BRI) em 89 salas de aula do Instituto Estadual de Educa\u00e7\u00e3o (IEE), no Centro da capital. A a\u00e7\u00e3o faz parte da intensifica\u00e7\u00e3o das medidas de controle do mosquito Aedes aegypti, transmissor da dengue, zika e chikungunya, principalmente nesta \u00e9poca do ano que come\u00e7am as chuvas e o aumento das temperaturas, fatores que colaboram para a prolifera\u00e7\u00e3o do mosquito.<\/p>\n<p>A Borrifa\u00e7\u00e3o Residual Intradomiciliar \u00e9 uma t\u00e9cnica de controle qu\u00edmico voltada ao enfrentamento do Aedes aegypti. O m\u00e9todo consiste na aplica\u00e7\u00e3o de um inseticida de a\u00e7\u00e3o residual em paredes internas de im\u00f3veis de grande circula\u00e7\u00e3o e perman\u00eancia de pessoas. O produto forma uma pel\u00edcula protetora que permanece ativa por at\u00e9 quatro meses, eliminando os mosquitos adultos que entram em contato com as \u00e1reas tratadas.<\/p>\n<p>Segundo a Diretoria de Vigil\u00e2ncia Epidemiol\u00f3gica (DIVE), o principal objetivo \u00e9 reduzir a quantidade de mosquitos adultos, interrompendo ou evitando a transmiss\u00e3o viral, em complemento \u00e0s demais a\u00e7\u00f5es de controle vetorial j\u00e1 realizadas pelos munic\u00edpios.<\/p>\n<p>\u201cA SES vem estimulando o uso da BRI pelas equipes municipais, e para isso, iniciou um processo de aplica\u00e7\u00e3o nas suas estruturas f\u00edsicas, assim como adquiriu 100 bombas para auxiliar os munic\u00edpios na execu\u00e7\u00e3o desta atividade. Al\u00e9m disso, a DIVE tem promovido uma ampla mobiliza\u00e7\u00e3o para capacitar as equipes t\u00e9cnicas das 17 Ger\u00eancias Regionais de Sa\u00fade e dos munic\u00edpios\u201d, explicou Jo\u00e3o Augusto Fuck, diretor da DIVE.<\/p>\n<p>A iniciativa integra o conjunto de a\u00e7\u00f5es estrat\u00e9gicas do Estado para o enfrentamento das arboviroses, refor\u00e7ando a import\u00e2ncia da vigil\u00e2ncia ativa, do controle vetorial e da participa\u00e7\u00e3o da popula\u00e7\u00e3o na elimina\u00e7\u00e3o de criadouros do mosquito.<\/p>\n<p><img decoding=\"async\" loading=\"lazy\" width=\"2160\" height=\"1338\" src=\"https:\/\/www.europesays.com\/pt\/wp-content\/uploads\/2025\/11\/WhatsApp-Image-2025-11-21-at-08.57.44.jpg\" alt=\"\" class=\"wp-image-379801\"\/><\/p>\n<p>A BRI j\u00e1 foi aplicada nas depend\u00eancias dos pr\u00e9dios da SES, do Batalh\u00e3o da Pol\u00edcia Militar, no Instituto Federal de Santa Catarina (IFSC) em Florian\u00f3polis, assim como em mais de 1.200 pr\u00e9dios em Santa Catarina. Nos pr\u00f3ximos meses, outros locais devem receber a aplica\u00e7\u00e3o, pelas equipes estaduais ou municipais.<\/p>\n<p>A SES refor\u00e7a que o controle do Aedes aegypti \u00e9 uma responsabilidade compartilhada, que envolve v\u00e1rias a\u00e7\u00f5es, e a participa\u00e7\u00e3o da popula\u00e7\u00e3o \u00e9 essencial para impedir a prolifera\u00e7\u00e3o do mosquito. Pequenas atitudes no cotidiano s\u00e3o determinantes para evitar novos focos e proteger a sa\u00fade de todos. Por isso, a necessidade de eliminar ou adequar recipientes que possam acumular \u00e1gua, e seguir atenta a poss\u00edveis criadouros em casa e nos arredores.<\/p>\n<p><strong>Mais informa\u00e7\u00f5es:<\/strong><br \/>Daniela Melo<br \/>Assessoria de Comunica\u00e7\u00e3o<br \/>Secretaria de Estado da Sa\u00fade<br \/>(48) 99134-4078<br \/>e-mail: imprensa@saude.sc.gov.br<br \/>Nos siga no instagram\u2002@saude.sc<\/p>\n","protected":false},"excerpt":{"rendered":"Foto: Divulga\u00e7\u00e3o\/SES A Secretaria de Estado da Sa\u00fade (SES), em parceria com a Secretaria de Estado da Educa\u00e7\u00e3o&hellip;\n","protected":false},"author":2,"featured_media":160040,"comment_status":"","ping_status":"","sticky":false,"template":"","format":"standard","meta":{"footnotes":""},"categories":[86],"tags":[116,32,33,117],"class_list":{"0":"post-160039","1":"post","2":"type-post","3":"status-publish","4":"format-standard","5":"has-post-thumbnail","7":"category-saude","8":"tag-health","9":"tag-portugal","10":"tag-pt","11":"tag-saude"},"share_on_mastodon":{"url":"https:\/\/pubeurope.com\/@pt\/115588021970482188","error":""},"_links":{"self":[{"href":"https:\/\/www.europesays.com\/pt\/wp-json\/wp\/v2\/posts\/160039","targetHints":{"allow":["GET"]}}],"collection":[{"href":"https:\/\/www.europesays.com\/pt\/wp-json\/wp\/v2\/posts"}],"about":[{"href":"https:\/\/www.europesays.com\/pt\/wp-json\/wp\/v2\/types\/post"}],"author":[{"embeddable":true,"href":"https:\/\/www.europesays.com\/pt\/wp-json\/wp\/v2\/users\/2"}],"replies":[{"embeddable":true,"href":"https:\/\/www.europesays.com\/pt\/wp-json\/wp\/v2\/comments?post=160039"}],"version-history":[{"count":0,"href":"https:\/\/www.europesays.com\/pt\/wp-json\/wp\/v2\/posts\/160039\/revisions"}],"wp:featuredmedia":[{"embeddable":true,"href":"https:\/\/www.europesays.com\/pt\/wp-json\/wp\/v2\/media\/160040"}],"wp:attachment":[{"href":"https:\/\/www.europesays.com\/pt\/wp-json\/wp\/v2\/media?parent=160039"}],"wp:term":[{"taxonomy":"category","embeddable":true,"href":"https:\/\/www.europesays.com\/pt\/wp-json\/wp\/v2\/categories?post=160039"},{"taxonomy":"post_tag","embeddable":true,"href":"https:\/\/www.europesays.com\/pt\/wp-json\/wp\/v2\/tags?post=160039"}],"curies":[{"name":"wp","href":"https:\/\/api.w.org\/{rel}","templated":true}]}}