{"id":160041,"date":"2025-11-21T13:56:50","date_gmt":"2025-11-21T13:56:50","guid":{"rendered":"https:\/\/www.europesays.com\/pt\/160041\/"},"modified":"2025-11-21T13:56:50","modified_gmt":"2025-11-21T13:56:50","slug":"nova-idade-do-gelo-a-vista-alerta-mundial-para-alteracoes-climaticas-que-podem-baixar-drasticamente-as-temperaturas-nestas-regioes-postal-pt","status":"publish","type":"post","link":"https:\/\/www.europesays.com\/pt\/160041\/","title":{"rendered":"Nova &quot;idade do gelo&quot; \u00e0 vista? Alerta mundial para altera\u00e7\u00f5es clim\u00e1ticas que podem baixar &#039;drasticamente&#039; as temperaturas nestas regi\u00f5es &#8211; postal.pt"},"content":{"rendered":"<ol>\n<li><a href=\"https:\/\/news.google.com\/rss\/articles\/CBMi-AFBVV95cUxNdVA3dVdsaHpUbE1fOVhpQUhIMXVSRmZ2d0tocjRXTjVNbDNFbVhTMUl1MEdMcXRndlhqbFpMSTlodHZwb0dlb1Mzc3hDbnFvYlJnM3JqZ0RVVEozX0tvTWdncFRjNWlfNzVTZXUtbnZBaHg1X0gxVW1DSk5VU3h4dG1LLUhrdlNGTk1XUkxad0Y2a05yX2ROc0F6Qi01YXdDTTdrLVFkMU1PdHFiR0JobFJxa1ZZS0ZnYXdjSU9vaThnUEVObDhnd1drRTNxRlVxSm4xWldJVWFHaXlxM2ZDWGRzc19yeEJfTEwweVUtd1R1a2h4OHR0SQ?oc=5\" target=\"_blank\" rel=\"nofollow noopener\">Nova &#8220;idade do gelo&#8221; \u00e0 vista? Alerta mundial para altera\u00e7\u00f5es clim\u00e1ticas que podem baixar &#8216;drasticamente&#8217; as temperaturas nestas regi\u00f5es<\/a>&nbsp;&nbsp;postal.pt<\/li>\n<li><a href=\"https:\/\/news.google.com\/rss\/articles\/CBMitgFBVV95cUxNdzg0d0dJS2xlLUxUUmNZTFFzSFFpRXBxR09RWXpBaVE1M0dFRWR6aldWM0NPanR5cy1MNHc4MkROZnZ1bG4wRGZ1QXo0bFBTalBLa255OXkzTnJIQU4wblNEM3BiRmJOQ2ZzM2tlRWZoeGZLcE93dnA1NVhoWjZUVWFxT2VqbHkwVWNIR3ZLNzJDUWtqYndaMHh1NC16YXNKU0NkVUp1VTMyMkR1RktwX2tldUlrZw?oc=5\" target=\"_blank\" rel=\"nofollow noopener\">Risco de colapso de correntes oce\u00e2nicas acende alerta nacional na Isl\u00e2ndia<\/a>&nbsp;&nbsp;CNN Brasil<\/li>\n<li><a href=\"https:\/\/news.google.com\/rss\/articles\/CBMi8wFBVV95cUxOZEpnajd0b3ZVLXFDenBRNGE0LXdiOV92eWdvWTVVUzJUVFpSaC1pbFQwWjRMWGl2UHUySFFWZ2FXMWVmc3RPRzVlUmZvUVJhMXRObkZaN1EyNDBEVUNvRWwwbzVwaTdwM2RiNUp2UTFJWElzekRrQ05Mcm1RZWp3VC1sdWVxQmtlN0Zka20xVnd4XzAwZ3doOURZNGtFS0U0ZXVyUFJfTl80US02cHZVZ2VKVFViTHRKZjY5SDFpRzUta2pVMTFGRlVoallpa0l4ZFk0cUI0djJDbDMzR2tDVVNBdHQ1QlE1Nlh6OFNsX2RyNHM?oc=5\" target=\"_blank\" rel=\"nofollow noopener\">Isl\u00e2ndia eleva estado de alerta devido a nova &#8220;amea\u00e7a \u00e0 seguran\u00e7a nacional&#8221;: o colapso da circula\u00e7\u00e3o no Atl\u00e2ntico<\/a>&nbsp;&nbsp;CNN Portugal<\/li>\n<li><a href=\"https:\/\/news.google.com\/rss\/articles\/CBMi3wFBVV95cUxPWmpLNm9KNkRmeDViR2ktajVIMm5JWHB4aUM0QzctRjI5MVI0Z2xiaElFMzQ1T0JYUHE2aDN6YkhTUHJkWnYtejRVaGVYcDgtem53MWtrNDFLWE43a3FYeU9QYnIySTNQZWxIWjdzOWNSTHVRUkRWYi14Z3FNN2NoMTEtUmlxeFF3YlRoUlRHTDZONGJJWVNpOUhtQVVwcjZaTGtySEpMQkV4cy1OcU9XaTJxQU1qVlhydDFFeVZzUm9LLTFKVERJdlpweldoSzBIZVlaVVhxX0tNZVRJWUZj?oc=5\" target=\"_blank\" rel=\"nofollow noopener\">Isl\u00e2ndia em alerta diante de poss\u00edvel colapso de corrente do Oceano Atl\u00e2ntico<\/a>&nbsp;&nbsp;MSN<\/li>\n<li><a href=\"https:\/\/news.google.com\/rss\/articles\/CBMifkFVX3lxTE1Ld0FNejhjUF9fNG5Pb3E2OGgtZjctaWIxdG5JaHZoSnJFWVhJR2t3aUdTUm9FR055VmtfME5fcWM0eXkzanZmN1U2U3lYX3hNdUx3eWJVSUVCdmtnTDZmMHlraDJoUUp5Q0VYOHB0VUYtN2pqT2ZydUt3YUR2dw?oc=5\" target=\"_blank\" rel=\"nofollow noopener\">Correntes do Atl\u00e2ntico podem falhar e colocar a Isl\u00e2ndia em um dos maiores riscos clim\u00e1ticos do s\u00e9culo<\/a>&nbsp;&nbsp;CPG Click Petr\u00f3leo e G\u00e1s<\/li>\n<\/ol>\n","protected":false},"excerpt":{"rendered":"Nova &#8220;idade do gelo&#8221; \u00e0 vista? Alerta mundial para altera\u00e7\u00f5es clim\u00e1ticas que podem baixar &#8216;drasticamente&#8217; as temperaturas nestas&hellip;\n","protected":false},"author":2,"featured_media":156794,"comment_status":"","ping_status":"","sticky":false,"template":"","format":"standard","meta":{"footnotes":""},"categories":[50],"tags":[27,28,15,16,14,25,26,21,22,62,12,13,19,20,23,24,17,18,29,30,31,63,64,65],"class_list":{"0":"post-160041","1":"post","2":"type-post","3":"status-publish","4":"format-standard","5":"has-post-thumbnail","7":"category-mundo","8":"tag-breaking-news","9":"tag-breakingnews","10":"tag-featured-news","11":"tag-featurednews","12":"tag-headlines","13":"tag-latest-news","14":"tag-latestnews","15":"tag-main-news","16":"tag-mainnews","17":"tag-mundo","18":"tag-news","19":"tag-noticias","20":"tag-noticias-principais","21":"tag-noticiasprincipais","22":"tag-principais-noticias","23":"tag-principaisnoticias","24":"tag-top-stories","25":"tag-topstories","26":"tag-ultimas","27":"tag-ultimas-noticias","28":"tag-ultimasnoticias","29":"tag-world","30":"tag-world-news","31":"tag-worldnews"},"share_on_mastodon":{"url":"https:\/\/pubeurope.com\/@pt\/115588041609204162","error":""},"_links":{"self":[{"href":"https:\/\/www.europesays.com\/pt\/wp-json\/wp\/v2\/posts\/160041","targetHints":{"allow":["GET"]}}],"collection":[{"href":"https:\/\/www.europesays.com\/pt\/wp-json\/wp\/v2\/posts"}],"about":[{"href":"https:\/\/www.europesays.com\/pt\/wp-json\/wp\/v2\/types\/post"}],"author":[{"embeddable":true,"href":"https:\/\/www.europesays.com\/pt\/wp-json\/wp\/v2\/users\/2"}],"replies":[{"embeddable":true,"href":"https:\/\/www.europesays.com\/pt\/wp-json\/wp\/v2\/comments?post=160041"}],"version-history":[{"count":0,"href":"https:\/\/www.europesays.com\/pt\/wp-json\/wp\/v2\/posts\/160041\/revisions"}],"wp:featuredmedia":[{"embeddable":true,"href":"https:\/\/www.europesays.com\/pt\/wp-json\/wp\/v2\/media\/156794"}],"wp:attachment":[{"href":"https:\/\/www.europesays.com\/pt\/wp-json\/wp\/v2\/media?parent=160041"}],"wp:term":[{"taxonomy":"category","embeddable":true,"href":"https:\/\/www.europesays.com\/pt\/wp-json\/wp\/v2\/categories?post=160041"},{"taxonomy":"post_tag","embeddable":true,"href":"https:\/\/www.europesays.com\/pt\/wp-json\/wp\/v2\/tags?post=160041"}],"curies":[{"name":"wp","href":"https:\/\/api.w.org\/{rel}","templated":true}]}}