{"id":160042,"date":"2025-11-21T13:57:26","date_gmt":"2025-11-21T13:57:26","guid":{"rendered":"https:\/\/www.europesays.com\/pt\/160042\/"},"modified":"2025-11-21T13:57:26","modified_gmt":"2025-11-21T13:57:26","slug":"aceitem-resultado-eleitoral-que-tivemos-em-lisboa-observador","status":"publish","type":"post","link":"https:\/\/www.europesays.com\/pt\/160042\/","title":{"rendered":"&#8220;Aceitem resultado eleitoral que tivemos em Lisboa&#8221; \u2013 Observador"},"content":{"rendered":"<p>O presidente da C\u00e2mara Municipal de Lisboa (CML), Carlos Moedas, considerou esta quinta-feira que os diferentes partidos no executivo t\u00eam de aceitar o resultado eleitoral, lembrando que foi a oposi\u00e7\u00e3o a dialogar com o Chega.<\/p>\n<p>Carlos Moedas reagia \u00e0 inten\u00e7\u00e3o do PS em impugnar judicialmente o novo regimento da CML aprovado na quarta-feira, com os votos da lideran\u00e7a PSD\/CDS-PP\/IL e do Chega, sob cr\u00edticas dos partidos de esquerda quanto ao \u201cretrocesso democr\u00e1tico\u201d.<\/p>\n<p>\u201cEu s\u00f3 teria uma palavra em rela\u00e7\u00e3o a isso. <strong>Eu acho que os partidos pol\u00edticos t\u00eam que aceitar a democracia, aceitem o resultado eleitoral que tivemos em Lisboa, aceitem que eu sou o presidente da C\u00e2mara de Lisboa<\/strong> e, sobretudo, aceitem aquilo que s\u00e3o os parceiros jur\u00eddicos da pr\u00f3pria C\u00e2mara Municipal, dos seus funcion\u00e1rios, dos juristas\u201d, disse Carlos Moedas.<\/p>\n<p>Na sequ\u00eancia da aprova\u00e7\u00e3o da proposta de Regimento da C\u00e2mara Municipal de Lisboa, documento que define o funcionamento do \u00f3rg\u00e3o executivo do munic\u00edpio, a verea\u00e7\u00e3o do PS refor\u00e7ou que representa \u201cum retrocesso grave e um ataque claro ao pluralismo e ao funcionamento democr\u00e1tico do \u00f3rg\u00e3o aut\u00e1rquico\u201d e admitiu impugnar judicialmente o novo regimento.<\/p>\n<p>Carlos Moedas lembrou que aquilo que foi apresentado \u201c\u00e9 a realidade em muitas outras c\u00e2maras municipais\u201d, frisando ser \u201cum, <strong>presidente de consenso<\/strong>\u201d e que as reuni\u00f5es de c\u00e2mara \u201cser\u00e3o sempre isso [de consenso]\u201d.<\/p>\n<p>\u201cEu tive reuni\u00f5es de 10 horas, de 15 horas e, portanto, se eu resisti, continuarei a resistir a toda essa parte formal da pol\u00edtica. Mas o meu intuito \u00e9, sobretudo, a parte do conte\u00fado da pol\u00edtica, que \u00e9 estar com as pessoas e, portanto, gostava que as reuni\u00f5es de c\u00e2mara fossem mais eficientes, mais eficazes e que n\u00e3o fossem horas e horas e horas\u201d, salientou.<\/p>\n<p>Carlos Moedas reconheceu que o PS poder\u00e1 levar \u201cmais tempo ou n\u00e3o a aceitar\u201d o projeto pol\u00edtico que os eleitores escolheram, acrescentando ser \u201cnormal tamb\u00e9m ao princ\u00edpio que haja este nervosismo\u201d, salientando que o que o preocupa \u00e9 a n\u00e3o aceita\u00e7\u00e3o do resultado eleitoral por parte dos socialistas.<\/p>\n<p>\u201c<strong>Eu sou presidente h\u00e1 quatro anos, temos mais quatro anos pela frente e sinto sempre do lado do PS que h\u00e1 uma dificuldade muito grande em aceitar isso<\/strong>\u201c, afirmou, lembrando que est\u00e1 sempre \u201cde bra\u00e7os abertos para o di\u00e1logo\u201d frisando ter pela frente \u201cquatro anos com muitas decis\u00f5es a tomar e muito importantes\u201d.<\/p>\n<p>Quanto ao facto de o Regulamento ter sido aprovado com o apoio do Chega, Carlos Moedas disse ter visto tanto o PCP como o Bloco \u201ca dialogar com o Chega\u201d, frisando que no come\u00e7o da reuni\u00e3o quem estava a \u201ctentar, de certa forma at\u00e9 influenciar, o voto desses vereadores n\u00e3o era a coliga\u00e7\u00e3o, eram os outros partidos que estavam nesse di\u00e1logo\u201d.<\/p>\n<p>Carlos Moedas reiterou que esse di\u00e1logo \u201c\u00e9 normal\u201d e tem que ser feito em qualquer c\u00e2mara, respeitando \u201ca democracia e os eleitos da democracia\u201d e que \u201ccada pessoa vota em consci\u00eancia e cada vereador vota nessa consci\u00eancia\u201d.<\/p>\n<p>Na quarta-feira, em reuni\u00e3o privada do executivo municipal, a proposta de regimento teve os votos contra de todos os vereadores de for\u00e7as pol\u00edticas de esquerda, designadamente PS, Livre, BE e PCP, informou \u00e0 Lusa fonte oficial do munic\u00edpio.<\/p>\n<p>De acordo com o PS, o documento aprovado, com os votos a favor da lideran\u00e7a PSD\/CDS-PP\/IL e do Chega, \u201creduz direitos da oposi\u00e7\u00e3o, limita a transpar\u00eancia e enfraquece a fiscaliza\u00e7\u00e3o do executivo, contrariando o esp\u00edrito da lei e as boas pr\u00e1ticas de conviv\u00eancia democr\u00e1tica\u201d.<\/p>\n<p>No atual mandato, o social-democrata Carlos Moedas governa em minoria, com oito eleitos da coliga\u00e7\u00e3o PSD\/CDS-PP\/IL, ficando a um de obter maioria absoluta, o que exigiria a elei\u00e7\u00e3o de nove dos 17 membros que comp\u00f5em o executivo da capital. Na oposi\u00e7\u00e3o est\u00e3o quatro vereadores do PS, um do Livre, um do BE, dois do Chega e um do PCP.<\/p>\n","protected":false},"excerpt":{"rendered":"O presidente da C\u00e2mara Municipal de Lisboa (CML), Carlos Moedas, considerou esta quinta-feira que os diferentes partidos no&hellip;\n","protected":false},"author":2,"featured_media":160043,"comment_status":"","ping_status":"","sticky":false,"template":"","format":"standard","meta":{"footnotes":""},"categories":[10],"tags":[27,28,3766,6171,15,16,14,25,26,797,21,22,12,13,19,20,57,32,23,24,33,58,17,18,29,30,31],"class_list":{"0":"post-160042","1":"post","2":"type-post","3":"status-publish","4":"format-standard","5":"has-post-thumbnail","7":"category-portugal","8":"tag-breaking-news","9":"tag-breakingnews","10":"tag-carlos-moedas","11":"tag-cu00e2mara-municipal-lisboa","12":"tag-featured-news","13":"tag-featurednews","14":"tag-headlines","15":"tag-latest-news","16":"tag-latestnews","17":"tag-lisboa","18":"tag-main-news","19":"tag-mainnews","20":"tag-news","21":"tag-noticias","22":"tag-noticias-principais","23":"tag-noticiasprincipais","24":"tag-pau00eds","25":"tag-portugal","26":"tag-principais-noticias","27":"tag-principaisnoticias","28":"tag-pt","29":"tag-sociedade","30":"tag-top-stories","31":"tag-topstories","32":"tag-ultimas","33":"tag-ultimas-noticias","34":"tag-ultimasnoticias"},"share_on_mastodon":{"url":"https:\/\/pubeurope.com\/@pt\/115588041697755997","error":""},"_links":{"self":[{"href":"https:\/\/www.europesays.com\/pt\/wp-json\/wp\/v2\/posts\/160042","targetHints":{"allow":["GET"]}}],"collection":[{"href":"https:\/\/www.europesays.com\/pt\/wp-json\/wp\/v2\/posts"}],"about":[{"href":"https:\/\/www.europesays.com\/pt\/wp-json\/wp\/v2\/types\/post"}],"author":[{"embeddable":true,"href":"https:\/\/www.europesays.com\/pt\/wp-json\/wp\/v2\/users\/2"}],"replies":[{"embeddable":true,"href":"https:\/\/www.europesays.com\/pt\/wp-json\/wp\/v2\/comments?post=160042"}],"version-history":[{"count":0,"href":"https:\/\/www.europesays.com\/pt\/wp-json\/wp\/v2\/posts\/160042\/revisions"}],"wp:featuredmedia":[{"embeddable":true,"href":"https:\/\/www.europesays.com\/pt\/wp-json\/wp\/v2\/media\/160043"}],"wp:attachment":[{"href":"https:\/\/www.europesays.com\/pt\/wp-json\/wp\/v2\/media?parent=160042"}],"wp:term":[{"taxonomy":"category","embeddable":true,"href":"https:\/\/www.europesays.com\/pt\/wp-json\/wp\/v2\/categories?post=160042"},{"taxonomy":"post_tag","embeddable":true,"href":"https:\/\/www.europesays.com\/pt\/wp-json\/wp\/v2\/tags?post=160042"}],"curies":[{"name":"wp","href":"https:\/\/api.w.org\/{rel}","templated":true}]}}