{"id":160044,"date":"2025-11-21T13:58:08","date_gmt":"2025-11-21T13:58:08","guid":{"rendered":"https:\/\/www.europesays.com\/pt\/160044\/"},"modified":"2025-11-21T13:58:08","modified_gmt":"2025-11-21T13:58:08","slug":"greve-na-funcao-publica-com-adesao-de-cerca-de-80-nos-setores-da-educacao-e-saude","status":"publish","type":"post","link":"https:\/\/www.europesays.com\/pt\/160044\/","title":{"rendered":"Greve na fun\u00e7\u00e3o p\u00fablica com ades\u00e3o de cerca de 80% nos setores da Educa\u00e7\u00e3o e Sa\u00fade"},"content":{"rendered":"<p>&#13;<br \/>\nA greve da fun\u00e7\u00e3o p\u00fablica registava \u00e0s 11h15 uma ades\u00e3o de cerca de 80 por cento em todos os servi\u00e7os.<\/p>\n<p><b>&#8220;Temos 80 por cento [de ades\u00e3o] em todos os servi\u00e7os da administra\u00e7\u00e3o p\u00fablica&#8221;<\/b>, afirmou o dirigente da Federa\u00e7\u00e3o Nacional de Sindicatos Independentes da Administra\u00e7\u00e3o P\u00fablica e de Entidades com Fins P\u00fablicos (Fesinap).&#13;\n<\/p>\n<p>&#13;<br \/>\n<b>Os setores da sa\u00fade e da educa\u00e7\u00e3o s\u00e3o os mais afetados.<\/b>&#13;\n<\/p>\n<p>&#13;<br \/>\nNo hospital de S\u00e3o Jo\u00e3o, no Porto, as cirurgias programadas s\u00e3o as que est\u00e3o a ser mais afetadas devido a esta paralisa\u00e7\u00e3o. At\u00e9 \u00e0s 10h00 da manh\u00e3 ainda n\u00e3o tinha havido nenhuma cirurgia.<\/p>\n<p>O Sindicato Nacional dos Trabalhadores dos Servi\u00e7os e Identidades com Fins P\u00fablicos afirma estar contra o pacote laboral, alegando que as medidas &#8220;n\u00e3o s\u00e3o as ideais para os trabalhadores&#8221;.&#13;\n<\/p>\n<p>&#13;<br \/>\nEm Oeiras, na escola b\u00e1sica Conde de Oeiras, n\u00e3o h\u00e1 aulas. A escola est\u00e1 encerrada, como confirmou o Sindicato Nacional dos Trabalhadores do Estado.<\/p>\n<p>Apesar de ainda ser cedo para fazer um balan\u00e7o \u00e0 ades\u00e3o, Carlos Machado assumiu que se prev\u00ea que a &#8220;paralisa\u00e7\u00e3o seja elevada, na ordem dos 80 por cento&#8221;. <\/p>\n<p>          <img decoding=\"async\" itemprop=\"image\" class=\"img-fluid\"   src=\"https:\/\/www.europesays.com\/pt\/wp-content\/uploads\/2025\/11\/247f31df07e8d62f8734ae0937e83a12_N.jpg\"\/><\/p>\n<p>&#13;<br \/>\n<b>&#8220;A ades\u00e3o \u00e0 greve ronda os cerca de 60% sobretudo na sa\u00fade, nas escolas e nas IPSS, mas est\u00e1 a ter maior express\u00e3o no norte do pa\u00eds. Ainda estamos a recolher dados de todos os setores&#8221;<\/b>, disse o secret\u00e1rio-geral da Federa\u00e7\u00e3o Nacional de Sindicatos Independentes da Administra\u00e7\u00e3o P\u00fablica e de Entidades com Fins P\u00fablicos (Fesinap), M\u00e1rio Rui.&#13;\n<\/p>\n<p>&#13;<br \/>\nA greve, convocada pela Fesinap, e que tem servi\u00e7os m\u00ednimos, abrange os trabalhadores de todas as carreiras da administra\u00e7\u00e3o p\u00fablica sejam gerais ou especiais.&#13;\n<\/p>\n<p>&#13;<br \/>\nM\u00e1rio Rui remeteu para mais tarde dados mais concretos sobre a ades\u00e3o \u00e0 greve contra o pacote laboral apresentado pelo Governo.&#13;\n<\/p>\n<p>&#13;<br \/>\nA retirada imediata da proposta de reforma laboral, pedir uma reuni\u00e3o urgente com o Governo sobre a reforma &#8220;Trabalho XXI&#8221;, o fim da discrimina\u00e7\u00e3o sindical praticada pelo executivo e participa\u00e7\u00e3o efetiva da Fesinap nas negocia\u00e7\u00f5es laborais s\u00e3o os motivos da greve, de 24 horas.&#13;\n<\/p>\n<p>&#13;<br \/>\nEm declara\u00e7\u00f5es \u00e0 ag\u00eancia Lusa na quinta-feira, o secret\u00e1rio-geral da Fesinap, M\u00e1rio Rui, disse que a educa\u00e7\u00e3o, incluindo professores e pessoal n\u00e3o docente, e a sa\u00fade, incluindo m\u00e9dicos e enfermeiros &#8220;poder\u00e3o ser os setores mais afetados na sequ\u00eancia da paralisa\u00e7\u00e3o&#8221;.&#13;\n<\/p>\n<p>&#13;<br \/>\nM\u00e1rio Rui adiantou tamb\u00e9m que a greve visa igualmente denunciar a discrimina\u00e7\u00e3o sindical praticada pelos consecutivos governos, acrescentando que foram decretados servi\u00e7os m\u00ednimos para todas as institui\u00e7\u00f5es p\u00fablicas.&#13;\n<\/p>\n<p>&#13;<br \/>\n\u00a0&#13;\n<\/p>\n<p>&#13;<br \/>\nC\/Lusa&#13;<\/p>\n","protected":false},"excerpt":{"rendered":"&#13; A greve da fun\u00e7\u00e3o p\u00fablica registava \u00e0s 11h15 uma ades\u00e3o de cerca de 80 por cento em&hellip;\n","protected":false},"author":2,"featured_media":160045,"comment_status":"","ping_status":"","sticky":false,"template":"","format":"standard","meta":{"footnotes":""},"categories":[8],"tags":[27,28,15,16,28453,14,25,26,21,22,12,13,19,20,32,23,24,33,17,18,29,30,31],"class_list":{"0":"post-160044","1":"post","2":"type-post","3":"status-publish","4":"format-standard","5":"has-post-thumbnail","7":"category-principais-noticias","8":"tag-breaking-news","9":"tag-breakingnews","10":"tag-featured-news","11":"tag-featurednews","12":"tag-fins","13":"tag-headlines","14":"tag-latest-news","15":"tag-latestnews","16":"tag-main-news","17":"tag-mainnews","18":"tag-news","19":"tag-noticias","20":"tag-noticias-principais","21":"tag-noticiasprincipais","22":"tag-portugal","23":"tag-principais-noticias","24":"tag-principaisnoticias","25":"tag-pt","26":"tag-top-stories","27":"tag-topstories","28":"tag-ultimas","29":"tag-ultimas-noticias","30":"tag-ultimasnoticias"},"share_on_mastodon":{"url":"https:\/\/pubeurope.com\/@pt\/115588045896676294","error":""},"_links":{"self":[{"href":"https:\/\/www.europesays.com\/pt\/wp-json\/wp\/v2\/posts\/160044","targetHints":{"allow":["GET"]}}],"collection":[{"href":"https:\/\/www.europesays.com\/pt\/wp-json\/wp\/v2\/posts"}],"about":[{"href":"https:\/\/www.europesays.com\/pt\/wp-json\/wp\/v2\/types\/post"}],"author":[{"embeddable":true,"href":"https:\/\/www.europesays.com\/pt\/wp-json\/wp\/v2\/users\/2"}],"replies":[{"embeddable":true,"href":"https:\/\/www.europesays.com\/pt\/wp-json\/wp\/v2\/comments?post=160044"}],"version-history":[{"count":0,"href":"https:\/\/www.europesays.com\/pt\/wp-json\/wp\/v2\/posts\/160044\/revisions"}],"wp:featuredmedia":[{"embeddable":true,"href":"https:\/\/www.europesays.com\/pt\/wp-json\/wp\/v2\/media\/160045"}],"wp:attachment":[{"href":"https:\/\/www.europesays.com\/pt\/wp-json\/wp\/v2\/media?parent=160044"}],"wp:term":[{"taxonomy":"category","embeddable":true,"href":"https:\/\/www.europesays.com\/pt\/wp-json\/wp\/v2\/categories?post=160044"},{"taxonomy":"post_tag","embeddable":true,"href":"https:\/\/www.europesays.com\/pt\/wp-json\/wp\/v2\/tags?post=160044"}],"curies":[{"name":"wp","href":"https:\/\/api.w.org\/{rel}","templated":true}]}}