{"id":160046,"date":"2025-11-21T13:59:07","date_gmt":"2025-11-21T13:59:07","guid":{"rendered":"https:\/\/www.europesays.com\/pt\/160046\/"},"modified":"2025-11-21T13:59:07","modified_gmt":"2025-11-21T13:59:07","slug":"emocionante-famosos-deixam-mensagens-de-apoio-precisamos-muito-de-ti-sapo","status":"publish","type":"post","link":"https:\/\/www.europesays.com\/pt\/160046\/","title":{"rendered":"Emocionante! Famosos deixam mensagens de apoio: \u201cPrecisamos muito de ti\u201d &#8211; SAPO"},"content":{"rendered":"<ol>\n<li><a href=\"https:\/\/news.google.com\/rss\/articles\/CBMitwFBVV95cUxNSnNWZ1JwbEpteFRjWFYtSzkxUllDRGpQblFOclhlT19KUE1HNlc4M0M4LURVa01UZ2NSX05sSkpYR3VwdlJrZjlXVmJQdU9hcGNEWXNEQjhWTzh1S0ctWExBRkZ6dDNHaHAzSk5nckNoRXZMRUlKUktKV2g4NG9YYUw4ckFaRWZmb1ZFMjR1Z1FGWnBYV3Utd2dRNklSTWJyc2psaGxxN3B2WFd4b1dXbDdWODdZeEE?oc=5\" target=\"_blank\" rel=\"nofollow noopener\">Emocionante! Famosos deixam mensagens de apoio: \u201cPrecisamos muito de ti\u201d<\/a>&nbsp;&nbsp;SAPO<\/li>\n<li><a href=\"https:\/\/news.google.com\/rss\/articles\/CBMiqgFBVV95cUxPczZYQmlKSG1wTjczMlNXMER6VGlrczdXb21YTkxKVW5ld1NUYUhmQ0tCVVo1VHh5dmJSV3hlUUdYY0tHM2pzRUE1QmVvNl9GZDdTMEVOMUZhWFQxQk55aXdDaTJyaTNibnk4UDhOd09fYTdvTjJucWNxajA1M0pVVE5vVXVOdWotYl9rNGszTm9xN0N1dGY4RG1HbldodWpDcFVWMk5rVXhIZw?oc=5\" target=\"_blank\" rel=\"nofollow noopener\">Homens armados sequestram mais de 50 alunos de escola cat\u00f3lica na Nig\u00e9ria<\/a>&nbsp;&nbsp;CNN Brasil<\/li>\n<li><a href=\"https:\/\/news.google.com\/rss\/articles\/CBMi6AFBVV95cUxPM09ESzlJRi1TOFAwUnZKMVRvX0NfMFdHT1pHYTFuU2dMM29HNW82eGs0UnQydEp3QXk3dXhnUDk1dlRINWs3X1ladHVWRlRnek4ycDVlVlFQSkxKcEg3RFhhVWZKZ2htVTg0YlY0N2tETE9weWNGOE9MaUhJcC1iamxPdmJUdC1iRUlIbzBHRU5FLU9LZzFYS2xLQmp4ZmZfa3dKc2J4X1pHem1JMlc3RHNxY2ZCODRtRzk4RWljVG5GUnhfell4QlNUNk90b2Z5SEVrY2s5a3pBUWNPb1VQeTBoZEd5blRh?oc=5\" target=\"_blank\" rel=\"nofollow noopener\">Homens armados sequestram alunos de escola cat\u00f3lica no mais recente ataque na Nig\u00e9ria<\/a>&nbsp;&nbsp;UOL Not\u00edcias<\/li>\n<li><a href=\"https:\/\/news.google.com\/rss\/articles\/CBMiuwFBVV95cUxOclJIRERISTJEYjhvZ3pmb3JVcVhfT0RBUDZvSzNTWW1fcDZPQnVaNS1Ed3I5eE96N3BmZmpwWlJIbm1fcUt1MGpHV3NHMEtiYnJXaDRBbE5KQzZkN1J1OVI5eUtzcGxwdGpVdHlrc3hmMzdRMWIwaFNtZXY4d3ZSdnFPOXppU3h4X1Z0VnY3dFlubHIyMGpoQzB0OE1SWjJlSG1xRUxjZnFKN3FHVUtEcVJnVHJfNzZPLXkw?oc=5\" target=\"_blank\" rel=\"nofollow noopener\">Nig\u00e9ria: homens armados sequestram estudantes e funcion\u00e1rios em uma escola<\/a>&nbsp;&nbsp;Estad\u00e3o<\/li>\n<li><a href=\"https:\/\/news.google.com\/rss\/articles\/CBMirAFBVV95cUxPaHAxMHUzdTRZbnhDeU9WenQzUmkxZkdUQ1dDb0NteFRySWdqS29UejdXSklPVGxXc2l6NTEwcE05aVlDZXRYU2V4SjgzaW9xenI1cGdrWDR0aGhsVHBCQ3N4NW1BTzNKZ0hHTGU1dm1fQ3hTTjJWa1dtaWVfYUF4ckxOdXBFUWNLWDRwZXdlcGRMTnA4VXhXZFRaejhoVlVsTHYtMHBoRmpwMWFU?oc=5\" target=\"_blank\" rel=\"nofollow noopener\">Homens armados sequestram alunos e funcion\u00e1rios em escola cat\u00f3lica na Nig\u00e9ria<\/a>&nbsp;&nbsp;Gazeta do Povo<\/li>\n<\/ol>\n","protected":false},"excerpt":{"rendered":"Emocionante! Famosos deixam mensagens de apoio: \u201cPrecisamos muito de ti\u201d&nbsp;&nbsp;SAPO Homens armados sequestram mais de 50 alunos de&hellip;\n","protected":false},"author":2,"featured_media":160047,"comment_status":"","ping_status":"","sticky":false,"template":"","format":"standard","meta":{"footnotes":""},"categories":[145],"tags":[211,210,114,115,32,33],"class_list":{"0":"post-160046","1":"post","2":"type-post","3":"status-publish","4":"format-standard","5":"has-post-thumbnail","7":"category-celebridades","8":"tag-celebridades","9":"tag-celebrities","10":"tag-entertainment","11":"tag-entretenimento","12":"tag-portugal","13":"tag-pt"},"share_on_mastodon":{"url":"https:\/\/pubeurope.com\/@pt\/115588049254972010","error":""},"_links":{"self":[{"href":"https:\/\/www.europesays.com\/pt\/wp-json\/wp\/v2\/posts\/160046","targetHints":{"allow":["GET"]}}],"collection":[{"href":"https:\/\/www.europesays.com\/pt\/wp-json\/wp\/v2\/posts"}],"about":[{"href":"https:\/\/www.europesays.com\/pt\/wp-json\/wp\/v2\/types\/post"}],"author":[{"embeddable":true,"href":"https:\/\/www.europesays.com\/pt\/wp-json\/wp\/v2\/users\/2"}],"replies":[{"embeddable":true,"href":"https:\/\/www.europesays.com\/pt\/wp-json\/wp\/v2\/comments?post=160046"}],"version-history":[{"count":0,"href":"https:\/\/www.europesays.com\/pt\/wp-json\/wp\/v2\/posts\/160046\/revisions"}],"wp:featuredmedia":[{"embeddable":true,"href":"https:\/\/www.europesays.com\/pt\/wp-json\/wp\/v2\/media\/160047"}],"wp:attachment":[{"href":"https:\/\/www.europesays.com\/pt\/wp-json\/wp\/v2\/media?parent=160046"}],"wp:term":[{"taxonomy":"category","embeddable":true,"href":"https:\/\/www.europesays.com\/pt\/wp-json\/wp\/v2\/categories?post=160046"},{"taxonomy":"post_tag","embeddable":true,"href":"https:\/\/www.europesays.com\/pt\/wp-json\/wp\/v2\/tags?post=160046"}],"curies":[{"name":"wp","href":"https:\/\/api.w.org\/{rel}","templated":true}]}}