{"id":160048,"date":"2025-11-21T14:04:15","date_gmt":"2025-11-21T14:04:15","guid":{"rendered":"https:\/\/www.europesays.com\/pt\/160048\/"},"modified":"2025-11-21T14:04:15","modified_gmt":"2025-11-21T14:04:15","slug":"de-zeus-ao-pantera-negra-uma-historia-dos-super-herois","status":"publish","type":"post","link":"https:\/\/www.europesays.com\/pt\/160048\/","title":{"rendered":"De Zeus ao Pantera Negra: uma hist\u00f3ria dos super-her\u00f3is"},"content":{"rendered":"<p class=\"texto\">A vida dos super-her\u00f3is n\u00e3o \u00e9 f\u00e1cil: em sua eterna batalha contra o mal, eles precisam enfrentar supervil\u00f5es e, de forma altru\u00edsta, deixar de lado seus pr\u00f3prios desejos. Pelo menos, eles quase sempre saem ilesos das lutas \u2013 gra\u00e7as aos seus superpoderes.<\/p>\n<p class=\"texto\">Eles podem voar, s\u00e3o incrivelmente fortes e t\u00eam uma s\u00e9rie de outras habilidades fenomenais. Seus poderes especiais se devem a diversos fatores.<\/p>\n<p class=\"texto\">O Super-Homem, por exemplo, vem do planeta Krypton \u2013 ou seja, na verdade, ele \u00e9 um alien\u00edgena, embora em forma humana. Quando crian\u00e7a, foi enviado \u00e0 Terra em uma nave espacial e obt\u00e9m sua for\u00e7a sobre-humana do Sol, que o recarrega, e da gravidade reduzida de seu planeta natal.<\/p>\n<p class=\"texto\">O Homem-Aranha, por outro lado, \u00e9 picado por uma aranha radioativa e, a partir da\u00ed, ganha o poder de tecer teias e escalar paredes. \u00c0s vezes, la\u00e7os familiares tamb\u00e9m ajudam: a Mulher-Maravilha, por exemplo, \u00e9 filha de uma guerreira amazona e de um deus.<\/p>\n<p>Super-her\u00f3is na antiguidade<\/p>\n<p class=\"texto\">\u201cTodos os personagens que vemos nos quadrinhos, filmes e em todos os outros lugares hoje em dia t\u00eam, na verdade, suas origens na antiguidade e at\u00e9 mesmo em tempos ainda mais remotos\u201d, afirma o arque\u00f3logo Michael Merkel, curador da exposi\u00e7\u00e3o Mito dos Super-Her\u00f3is, no Museu Arqueol\u00f3gico de Hamburgo.<\/p>\n<p>\t\t\t\t\t \t\t\t\t\t\t\t\t\t<a data-fancybox=\"gallery\" href=\"https:\/\/www.europesays.com\/pt\/wp-content\/uploads\/2025\/11\/exposicao_deuses_antiguidade_super_herois-38015206.jpg\">                                        \t\t\t\t\t      <img decoding=\"async\" src=\"https:\/\/www.europesays.com\/pt\/wp-content\/uploads\/2025\/11\/exposicao_deuses_antiguidade_super_herois-38015206.jpg\" alt=\"Exposi\u00e7\u00e3o em Hamburgo mostra que os super-her\u00f3is de hoje remontam \u00e0 antiguidade\" loading=\"lazy\" class=\"lazyload\"\/>                                        \t\t\t\t<\/a>\t\t\t\t<\/p>\n<p>\t\t\t\t\t\t\t\t\t\t\tExposi\u00e7\u00e3o em Hamburgo mostra que os super-her\u00f3is de hoje remontam \u00e0 antiguidade\t\t\t\t\t\tCr\u00e9dito: Arch\u00e4ologisches Museum Hamburg\/Contemporanea Progett\t\t\t\t\t\t\t\t\t<\/p>\n<p class=\"texto\">Os deuses da mitologia grega ou n\u00f3rdica-germ\u00e2nica tinham poderes extraordin\u00e1rios, explica. \u201cH\u00e1 Zeus, que lan\u00e7a raios, ou Netuno, capaz de desencadear uma mar\u00e9 de tempestade. Thor, o deus do trov\u00e3o, pode invocar tormentas.\u201d<\/p>\n<p class=\"texto\">Os fara\u00f3s tamb\u00e9m se retratavam como super-her\u00f3is, como filhos do deus Sol \u2013 respons\u00e1veis \u200b\u200bpela luz no mundo.<\/p>\n<p class=\"texto\">\u201cA raz\u00e3o subjacente para isso provavelmente \u00e9 que fen\u00f4menos naturais incomuns s\u00f3 podiam ser explicados dessa maneira. <strong>Nossos super-her\u00f3is de hoje se assemelham a esses deuses, mesmo que n\u00e3o os chamemos assim<\/strong>.\u201d<\/p>\n<p>Brinquedos da Antiguidade<\/p>\n<p class=\"texto\">Quando falamos em bonecos da inf\u00e2ncia, a maioria das pessoas pensa em super-her\u00f3is e n\u00e3o em deuses \u2013 e n\u00e3o faz a menor ideia de que esse tipo de objeto j\u00e1 era popular h\u00e1 2.000 anos.<\/p>\n<p class=\"citacao-text\">\t\t&#8220;Naquela \u00e9poca, voc\u00ea podia comprar bonecos de gladiadores nas grandes arenas. Eles eram feitos de barro, tinham um capacete remov\u00edvel ou podiam mover um dos bra\u00e7os.&#8221;\t\t<\/p>\n<p class=\"citacao-autor\">\t\tMichael Merkel\t<\/p>\n<p class=\"texto\">Os gladiadores vitoriosos e os deuses da antiguidade deram lugar aos her\u00f3is e hero\u00ednas dos tempos modernos \u2013 os lend\u00e1rios personagens fantasiados cujas hist\u00f3rias come\u00e7aram nos quadrinhos e que agora faturam alto em blockbusters.<\/p>\n<p class=\"texto\">O Super-Homem foi o primeiro super-her\u00f3i a alcan\u00e7ar fama mundial. Ele surgiu em 1938, com a publica\u00e7\u00e3o de Action Comics #1. Musculoso, vestindo um traje justo que cobre todo o corpo e uma capa vermelha, ele luta pela justi\u00e7a de forma irrepreens\u00edvel.<\/p>\n<p class=\"texto\">\u201cMuitos super-her\u00f3is surgiram em uma \u00e9poca moldada por firmes valores morais americanos\u201d, diz Merkel. \u201cEles n\u00e3o faziam nada ilegal, tinham que ser sempre &#8216;limpos&#8217; e honrados.\u201d<\/p>\n<p>Deuses nada virtuosos<\/p>\n<p class=\"texto\">Mas, se as hist\u00f3rias em quadrinhos seguissem os valores dos deuses gregos, o Super-Homem provavelmente n\u00e3o teria se tornado t\u00e3o virtuoso.<\/p>\n<p class=\"texto\">Zeus, H\u00e9racles (conhecido como H\u00e9rcules pelos romanos), Hera e companhia n\u00e3o se importavam com uma b\u00fassola moral. No Monte Olimpo, inveja, gan\u00e2ncia, excessos sexuais, acessos de raiva e vingan\u00e7a eram comuns.<\/p>\n<p class=\"texto\">Por exemplo, Zeus, o pai dos deuses, era constantemente infiel \u00e0 esposa Hera; seu filho H\u00e9racles foi fruto de um desses casos. Por ironia do destino, Hera acabou amamentando H\u00e9racles, sem fazer ideia de sua origem. Assim, o menino deve sua for\u00e7a sobre-humana ao leite dela.<\/p>\n<p class=\"texto\">H\u00e9racles se irritava facilmente: se se sentisse injustamente repreendido, por exemplo, revelava toda a sua f\u00faria, tal qual um berserker (selvagem da saga n\u00f3rdica).<\/p>\n<p class=\"texto\">Apesar de suas falhas um tanto quanto humanas, os deuses antigos eram adorados h\u00e1 2.000 anos. J\u00e1 os super-her\u00f3is atuais surgiram em um contexto hist\u00f3rico diferente, explica Merkel.<\/p>\n<p class=\"texto\">\u201cO Super-Homem funcionava essencialmente como um modelo para soldados e tamb\u00e9m para jovens.\u201d O her\u00f3i dos quadrinhos da Marvel Capit\u00e3o Am\u00e9rica tamb\u00e9m serviu como modelo. Ele foi criado em 1941 como a personifica\u00e7\u00e3o do patriotismo e enviado para a guerra contra a Alemanha nazista. Seu advers\u00e1rio: o supervil\u00e3o Caveira Vermelha.<\/p>\n<p>Viol\u00eancia \u00e9 essencial?<\/p>\n<p class=\"texto\">Apesar de toda a dec\u00eancia que demonstram, os super-her\u00f3is modernos n\u00e3o s\u00e3o pacifistas: a viol\u00eancia \u00e9 um meio leg\u00edtimo na luta contra o mal.<\/p>\n<p class=\"texto\">Isso tamb\u00e9m se aplica \u00e0 Mulher-Maravilha, tamb\u00e9m conhecida como Diana, que em 1941 se tornou a primeira mulher nos quadrinhos a lutar pela liberdade e justi\u00e7a, usando um la\u00e7o e braceletes m\u00e1gicos.<\/p>\n<p class=\"texto\">Ela era o arqu\u00e9tipo da pin-up girl da Segunda Guerra Mundial e mostrava isso tamb\u00e9m nas suas roupas: a \u00e1guia americana estampada em seu busti\u00ea vermelho, os shorts curtos com as cores da bandeira dos EUA, a tiara e as botas vermelhas de cano alto. Ela \u00e9 confiante, forte e inteligente.<\/p>\n<p class=\"texto\">Quando a Mulher-Maravilha entrou no mundo dos super-her\u00f3is, seus equivalentes masculinos, Super-Homem e Batman \u2014 o Cavaleiro das Trevas apareceu pela primeira vez nos quadrinhos em 1939 \u2014, j\u00e1 tinham vivido in\u00fameras aventuras. Suas hist\u00f3rias em quadrinhos eram muito procuradas e circulavam aos milh\u00f5es, embora os pais reclamassem que o excesso de viol\u00eancia tinha uma influ\u00eancia negativa sobre as crian\u00e7as.<\/p>\n<p class=\"texto\">A Mulher-Maravilha surgiu no momento certo: lidava com os vil\u00f5es de forma menos violenta e estava, na verdade, mais preocupada com solu\u00e7\u00f5es pac\u00edficas.<\/p>\n<p>Qu\u00e3o diverso \u00e9 o mundo dos super-her\u00f3is?<\/p>\n<p class=\"texto\">E ela n\u00e3o seria a \u00fanica mulher no universo dos super-her\u00f3is, que est\u00e1 em constante expans\u00e3o. Os her\u00f3is se tornaram mais diversos.<\/p>\n<p class=\"texto\">T&#8217;Challa, tamb\u00e9m conhecido como Pantera Negra, surgiu em 1966 como o primeiro super-her\u00f3i negro nos quadrinhos americanos convencionais.<\/p>\n<p>\tSobre o assunto \t\t<\/p>\n<p class=\"texto\">Em 1975, a mutante negra Tempestade, filha de uma princesa tribal do Qu\u00eania e um fotojornalista americano, apareceu e se juntou aos X-Men. Seu mentor, o telepata Charles Xavier (Professor X), usa cadeira de rodas.<\/p>\n<p class=\"texto\">Em uma das hist\u00f3rias, Batgirl tamb\u00e9m acaba em uma cadeira de rodas \u2013 e passa a apoiar Batman como Or\u00e1culo.<\/p>\n<p class=\"texto\">No cinema, no entanto, a diversidade ainda \u00e9 mais t\u00edmida. Foi somente em 2018 que a Marvel permitiu que um super-her\u00f3i negro, o Pantera Negra, salvasse o mundo sozinho.<\/p>\n<p class=\"texto\">E em 2019, pela primeira vez, uma mulher foi encarregada de salvar o mundo da destrui\u00e7\u00e3o sem o apoio de um homem: Capit\u00e3 Marvel se tornou um sucesso de bilheteria.<\/p>\n<p class=\"texto\">Na televis\u00e3o, com a s\u00e9rie Ms. Marvel, de 2022, uma adolescente mu\u00e7ulmana paquistanesa-americana foi transformada em super-hero\u00edna. Milh\u00f5es de mulheres do sul da \u00c1sia finalmente t\u00eam seu pr\u00f3prio modelo a seguir.<\/p>\n<p>\tSobre o assunto \t\t<\/p>\n<p class=\"texto\">\u201cBasicamente, existem hist\u00f3rias de super-her\u00f3is em todos os pa\u00edses\u201d, diz Michael Merkel \u2013 da \u00c1sia \u00e0 \u00c1frica, da Europa \u00e0 Am\u00e9rica. E, para ele, esses super-her\u00f3is s\u00e3o urgentemente necess\u00e1rios. \u201cAcho que ainda existem muitos supervil\u00f5es neste mundo. Precisamos tamb\u00e9m de hero\u00ednas e her\u00f3is que nos deem esperan\u00e7a.\u201d<\/p>\n<p class=\"texto\">A exposi\u00e7\u00e3o \u201cMito dos Super-Her\u00f3is: De H\u00e9rcules ao Super-Homem\u201d fica em exibi\u00e7\u00e3o at\u00e9 26 de abril de 2026 no Museu Arqueol\u00f3gico de Hamburgo.<strong> (Por Suzanne Cords \/ DW)<\/strong><\/p>\n<p>    D\u00favidas, Cr\u00edticas e Sugest\u00f5es?<br \/>\n        <a href=\"https:\/\/www.opovo.com.br\/falecomagente\" class=\"bluedefault\" rel=\"nofollow noopener\" target=\"_blank\">Fale com a gente<\/a><\/p>\n<p>    Tags<\/p>\n","protected":false},"excerpt":{"rendered":"A vida dos super-her\u00f3is n\u00e3o \u00e9 f\u00e1cil: em sua eterna batalha contra o mal, eles precisam enfrentar supervil\u00f5es&hellip;\n","protected":false},"author":2,"featured_media":160049,"comment_status":"","ping_status":"","sticky":false,"template":"","format":"standard","meta":{"footnotes":""},"categories":[140],"tags":[114,115,147,148,146,32,33],"class_list":{"0":"post-160048","1":"post","2":"type-post","3":"status-publish","4":"format-standard","5":"has-post-thumbnail","7":"category-filmes","8":"tag-entertainment","9":"tag-entretenimento","10":"tag-film","11":"tag-filmes","12":"tag-movies","13":"tag-portugal","14":"tag-pt"},"share_on_mastodon":{"url":"https:\/\/pubeurope.com\/@pt\/115588069565160074","error":""},"_links":{"self":[{"href":"https:\/\/www.europesays.com\/pt\/wp-json\/wp\/v2\/posts\/160048","targetHints":{"allow":["GET"]}}],"collection":[{"href":"https:\/\/www.europesays.com\/pt\/wp-json\/wp\/v2\/posts"}],"about":[{"href":"https:\/\/www.europesays.com\/pt\/wp-json\/wp\/v2\/types\/post"}],"author":[{"embeddable":true,"href":"https:\/\/www.europesays.com\/pt\/wp-json\/wp\/v2\/users\/2"}],"replies":[{"embeddable":true,"href":"https:\/\/www.europesays.com\/pt\/wp-json\/wp\/v2\/comments?post=160048"}],"version-history":[{"count":0,"href":"https:\/\/www.europesays.com\/pt\/wp-json\/wp\/v2\/posts\/160048\/revisions"}],"wp:featuredmedia":[{"embeddable":true,"href":"https:\/\/www.europesays.com\/pt\/wp-json\/wp\/v2\/media\/160049"}],"wp:attachment":[{"href":"https:\/\/www.europesays.com\/pt\/wp-json\/wp\/v2\/media?parent=160048"}],"wp:term":[{"taxonomy":"category","embeddable":true,"href":"https:\/\/www.europesays.com\/pt\/wp-json\/wp\/v2\/categories?post=160048"},{"taxonomy":"post_tag","embeddable":true,"href":"https:\/\/www.europesays.com\/pt\/wp-json\/wp\/v2\/tags?post=160048"}],"curies":[{"name":"wp","href":"https:\/\/api.w.org\/{rel}","templated":true}]}}