{"id":160054,"date":"2025-11-21T14:10:17","date_gmt":"2025-11-21T14:10:17","guid":{"rendered":"https:\/\/www.europesays.com\/pt\/160054\/"},"modified":"2025-11-21T14:10:17","modified_gmt":"2025-11-21T14:10:17","slug":"projectos-de-eolicas-e-solares-nao-podem-ameacar-biodiversidade-maioria-e-alterada-conservacao-da-natureza","status":"publish","type":"post","link":"https:\/\/www.europesays.com\/pt\/160054\/","title":{"rendered":"Projectos de e\u00f3licas e solares n\u00e3o podem amea\u00e7ar biodiversidade. \u201cMaioria \u00e9 alterada\u201d | Conserva\u00e7\u00e3o da natureza"},"content":{"rendered":"<p dir=\"ltr\">Um dos temas quentes da transi\u00e7\u00e3o energ\u00e9tica que o mundo atravessa para abandonar os combust\u00edveis f\u00f3sseis \u00e9 a concretiza\u00e7\u00e3o de projectos de energias renov\u00e1veis, como as centrais hidroel\u00e9ctricas, e\u00f3licas ou fotovoltaicas. Em conversa com o Azul durante a Confer\u00eancia do Clima das Na\u00e7\u00f5es Unidas (<a href=\"https:\/\/www.publico.pt\/cop30\" target=\"_blank\" rel=\"nofollow noopener\">COP30<\/a>), em Bel\u00e9m do Par\u00e1, no Brasil, o presidente do Instituto de Conserva\u00e7\u00e3o da Natureza e Florestas (ICNF), Nuno Banza, abordou estes desafios globais da conserva\u00e7\u00e3o.<\/p>\n<p dir=\"ltr\">\u201cA esmagadora maioria do nosso trabalho \u00e9 articula\u00e7\u00e3o\u201d, explica Nuno Banza, a prop\u00f3sito do trabalho do ICNF. O instituto esteve representado na COP30 para apresentar, entre outras iniciativas, a Estrat\u00e9gia Nacional da Conserva\u00e7\u00e3o da Natureza e da Biodiversidade, que se encontra em fase de revis\u00e3o.\u200b<\/p>\n<p dir=\"ltr\">Em mat\u00e9ria de transi\u00e7\u00e3o energ\u00e9tica, um dos grandes temas da agenda clim\u00e1tica global, o ICNF tem trabalhado, por exemplo, na cria\u00e7\u00e3o das Zonas de Acelera\u00e7\u00e3o de Renov\u00e1veis (ZAR), uma exig\u00eancia da Uni\u00e3o Europeia que dever\u00e1 estar concretizada at\u00e9 meados do pr\u00f3ximo ano. <\/p>\n<p dir=\"ltr\">As ZAR vir\u00e3o complementar um trabalho que o ICNF j\u00e1 tem feito de disponibilizar informa\u00e7\u00e3o de zonamento no pa\u00eds, indicando claramente, por exemplo, \u00e1reas de protec\u00e7\u00e3o de esp\u00e9cies. \u201cN\u00f3s partilhamos informa\u00e7\u00e3o hoje como nunca foi partilhada, e gratuitamente, o que \u00e9 uma grande ajuda para os promotores.\u201d<\/p>\n<p>Informa\u00e7\u00e3o pode evitar conflitos<\/p>\n<p dir=\"ltr\">Em Portugal, dezenas de projectos de renov\u00e1veis, em particular grandes centrais fotovoltaicas, t\u00eam gerado conflitos com as popula\u00e7\u00f5es e associa\u00e7\u00f5es ambientalistas. <\/p>\n<p dir=\"ltr\">\u201cOs leil\u00f5es anteriores foram feitos \u00fanica e exclusivamente tendo em conta os pontos de liga\u00e7\u00e3o\u201d, come\u00e7a por explicar Nuno Banza, notando que isto fez com que os promotores tivessem de fazer propostas para \u00e1reas circundantes onde, mais tarde, \u201cn\u00e3o conseguem implementar\u201d devido \u00e0s restri\u00e7\u00f5es impostas pelos valores naturais.<\/p>\n<p dir=\"ltr\">Nuno Banza sublinha ainda que \u201ca maioria dos projectos apresentados \u00e9 alterada\u201d, havendo tamb\u00e9m locais onde a presen\u00e7a de valores naturais relevantes impede a aprova\u00e7\u00e3o. <\/p>\n<p dir=\"ltr\">\u201cN\u00f3s ponderamos sempre todas as propostas, mas h\u00e1 s\u00edtios onde h\u00e1 valores t\u00e3o relevantes que \u00e9 \u00f3bvio que nunca vamos dizer que sim\u201d, refor\u00e7a. \u201cNingu\u00e9m quer a serra de Sintra forrada com pain\u00e9is solares, ou a serra da Arr\u00e1bida forrada com geradores e\u00f3licos, ou a Mata de Albergaria.\u201d<\/p>\n<p>Clima e biodiversidade de m\u00e3os dadas<\/p>\n<p dir=\"ltr\">Esta \u00e9 a primeira COP do Clima onde h\u00e1 um ponto da agenda sobre as sinergias entre as tr\u00eas \u201cconven\u00e7\u00f5es do Rio\u201d &#8211; Biodiversidade, Clima e Desertifica\u00e7\u00e3o.<\/p>\n<p dir=\"ltr\">O presidente do ICNF acredita que a separa\u00e7\u00e3o das mat\u00e9rias ambientais em tr\u00eas conven\u00e7\u00f5es durante a Cimeira da Terra em 1992, vista como um \u201cpecado original\u201d por algumas vozes, foi na realidade uma oportunidade, permitindo desenvolver mais profundamente cada uma das componentes. <\/p>\n<p dir=\"ltr\">\u201cSe tiv\u00e9ssemos tudo na mesma conven\u00e7\u00e3o, n\u00e3o sei se ter\u00edamos conseguido desenvolver da mesma forma\u201d, afirma. Na Conven\u00e7\u00e3o sobre a Diversidade Biol\u00f3gica (CBD), descreve Nuno Banza, conseguiu-se \u201cum compromisso com a solidariedade entre as gera\u00e7\u00f5es, e na solidariedade entre os povos e as regi\u00f5es do mundo\u201d.<\/p>\n<p dir=\"ltr\">Aquilo que durante algum tempo foi visto como um problema &#8211; a separa\u00e7\u00e3o dos temas ambientais -, agora come\u00e7a a mostrar resultados, sublinha ainda o presidente do ICNF. \u201cComo estava compartimentado, conseguimos desenvolver mais essas diferentes componentes\u201d, refor\u00e7a. \u201cMais \u00e0 frente, encontramo-nos outra vez. Agora conseguimos junt\u00e1-las e elas fazem sentido.\u201d<\/p>\n<p dir=\"ltr\">O ICNF tem neste momento em curso a revis\u00e3o da Estrat\u00e9gia Nacional de Conserva\u00e7\u00e3o da Natureza (ENCN) para fazer a liga\u00e7\u00e3o n\u00e3o apenas com o compromisso de Kunming-Montreal, mas com o compromisso &#8220;sucessivamente reafirmado&#8221; nas COP do Clima sobre a import\u00e2ncia da biodiversidade. <\/p>\n<p dir=\"ltr\">Nuno Banza sublinha que a discuss\u00e3o sobre as florestas n\u00e3o deve limitar-se a consider\u00e1-las \u201cf\u00e1bricas de carbono\u201d, ou sumidouros, mas ligar a floresta &#8211; \u201ccomo \u00e9 a abordagem da CBD\u201d &#8211; \u00e0 biodiversidade e aos valores naturais, incluindo o carbono do solo e os servi\u00e7os dos ecossistemas.<\/p>\n<p dir=\"ltr\">S\u00f3 faz sentido discutir estas dimens\u00f5es, afirma Banza, &#8220;quando estamos a falar em conjunto&#8221; das quest\u00f5es clim\u00e1ticas e dos valores da biodiversidade.<\/p>\n","protected":false},"excerpt":{"rendered":"Um dos temas quentes da transi\u00e7\u00e3o energ\u00e9tica que o mundo atravessa para abandonar os combust\u00edveis f\u00f3sseis \u00e9 a&hellip;\n","protected":false},"author":2,"featured_media":160055,"comment_status":"","ping_status":"","sticky":false,"template":"","format":"standard","meta":{"footnotes":""},"categories":[50],"tags":[34076,785,2780,27,28,3697,6391,34077,15,16,14,14827,25,26,21,22,62,12,13,19,20,23,24,17,18,29,30,31,63,64,65],"class_list":{"0":"post-160054","1":"post","2":"type-post","3":"status-publish","4":"format-standard","5":"has-post-thumbnail","7":"category-mundo","8":"tag-areas-protegidas","9":"tag-azul","10":"tag-biodiversidade","11":"tag-breaking-news","12":"tag-breakingnews","13":"tag-conservacao-da-natureza","14":"tag-cop30","15":"tag-desertificacao","16":"tag-featured-news","17":"tag-featurednews","18":"tag-headlines","19":"tag-icnf","20":"tag-latest-news","21":"tag-latestnews","22":"tag-main-news","23":"tag-mainnews","24":"tag-mundo","25":"tag-news","26":"tag-noticias","27":"tag-noticias-principais","28":"tag-noticiasprincipais","29":"tag-principais-noticias","30":"tag-principaisnoticias","31":"tag-top-stories","32":"tag-topstories","33":"tag-ultimas","34":"tag-ultimas-noticias","35":"tag-ultimasnoticias","36":"tag-world","37":"tag-world-news","38":"tag-worldnews"},"share_on_mastodon":{"url":"","error":"Validation failed: Text character limit of 500 exceeded"},"_links":{"self":[{"href":"https:\/\/www.europesays.com\/pt\/wp-json\/wp\/v2\/posts\/160054","targetHints":{"allow":["GET"]}}],"collection":[{"href":"https:\/\/www.europesays.com\/pt\/wp-json\/wp\/v2\/posts"}],"about":[{"href":"https:\/\/www.europesays.com\/pt\/wp-json\/wp\/v2\/types\/post"}],"author":[{"embeddable":true,"href":"https:\/\/www.europesays.com\/pt\/wp-json\/wp\/v2\/users\/2"}],"replies":[{"embeddable":true,"href":"https:\/\/www.europesays.com\/pt\/wp-json\/wp\/v2\/comments?post=160054"}],"version-history":[{"count":0,"href":"https:\/\/www.europesays.com\/pt\/wp-json\/wp\/v2\/posts\/160054\/revisions"}],"wp:featuredmedia":[{"embeddable":true,"href":"https:\/\/www.europesays.com\/pt\/wp-json\/wp\/v2\/media\/160055"}],"wp:attachment":[{"href":"https:\/\/www.europesays.com\/pt\/wp-json\/wp\/v2\/media?parent=160054"}],"wp:term":[{"taxonomy":"category","embeddable":true,"href":"https:\/\/www.europesays.com\/pt\/wp-json\/wp\/v2\/categories?post=160054"},{"taxonomy":"post_tag","embeddable":true,"href":"https:\/\/www.europesays.com\/pt\/wp-json\/wp\/v2\/tags?post=160054"}],"curies":[{"name":"wp","href":"https:\/\/api.w.org\/{rel}","templated":true}]}}