{"id":160060,"date":"2025-11-21T14:13:14","date_gmt":"2025-11-21T14:13:14","guid":{"rendered":"https:\/\/www.europesays.com\/pt\/160060\/"},"modified":"2025-11-21T14:13:14","modified_gmt":"2025-11-21T14:13:14","slug":"o-sexo-drogas-e-rock-and-roll-veio-muito-tarde-na-minha-vida-e-ja-sem-a-compulsao-e-a-loucura-da-adolescencia","status":"publish","type":"post","link":"https:\/\/www.europesays.com\/pt\/160060\/","title":{"rendered":"\u201cO sexo, drogas e rock and roll veio muito tarde na minha vida, e j\u00e1 sem a compuls\u00e3o e a loucura da adolesc\u00eancia\u201d"},"content":{"rendered":"<p>Let\u00edcia Novaes, mais conhecida pelo alter ego art\u00edstico Letrux, \u00e9 a autora e a voz de um dos projetos musicais mais vibrantes da m\u00fasica indie brasileira contempor\u00e2nea.<\/p>\n<p>As letras das suas can\u00e7\u00f5es s\u00e3o debochadas, derramadas, fogosas, explosivas, bem humoradas, bem sarc\u00e1sticas, bem escangalhadas, bem boas, que nos atravessam dos p\u00e9s \u00e0 cabe\u00e7a e cantam os nossos lados A, B e C\u2026. E D de dram\u00e1ticos e doidos.<\/p>\n<p>\t\t<img decoding=\"async\" src=\"https:\/\/www.europesays.com\/pt\/wp-content\/uploads\/2025\/11\/1763734390_939_thumbs.web.sapo.io\"  loading=\"true\"\/><\/p>\n<p>                        Nuno Fox<\/p>\n<p>Com ela sentimos o drama e a com\u00e9dia, tudo junto e ao mesmo tempo, tal como a vida \u00e9, bem misturada e confusa.<\/p>\n<p>Letrux \u00e9 uma artista carioca m\u00faltipla m\u00faltipla. \u00c9 compositora e cantora, al\u00e9m de atriz, poeta e escritora. H\u00e1 quem a chame a \u201cAnitta do cen\u00e1rio Indie.\u201d<\/p>\n<p>\t\t<img decoding=\"async\" src=\"https:\/\/www.europesays.com\/pt\/wp-content\/uploads\/2025\/11\/1763734391_700_thumbs.web.sapo.io\"  loading=\"true\"\/><\/p>\n<p>                        Nuno Fox<\/p>\n<p>Mas a pr\u00f3pria revela que as suas inspira\u00e7\u00f5es musicais s\u00e3o outras e chega a afirmar: &#8220;Mamei nas tetas de Rita Lee.&#8221; E \u00e9 inquestion\u00e1vel que ao longo dos seus 20 anos de percurso nos palcos encontrou uma voz musical muito pr\u00f3pria. Muito letruxiana.<\/p>\n<p>Com o projeto Letrux, Let\u00edcia j\u00e1 conta com 3 \u00e1lbuns gravados:<\/p>\n<p>\u201cLetrux em noite de clim\u00e3o\u201d, de 2017, um disco animado, delirado, alto astral, para dan\u00e7ar o set inteiro.<\/p>\n<p>Depois \u201cLetrux aos Prantos\u201d, de 2020, para sentirmos o drama de forma bacana, ir\u00f3nica e gostosa. O \u00e1lbum que contou com a colabora\u00e7\u00e3o da cantora Liniker e que lhe valeu importantes nomea\u00e7\u00f5es, e o t\u00edtulo que exibe nas redes sociais: \u201cPerdedora do Grammy Latino 2020\u201d.<\/p>\n<p>E, por \u00faltimo, veio o mais recente \u201cLetrux como mulher girafa\u201d, um \u00e1lbum sobre as feras que existem em cada um de n\u00f3s, num jogo de semelhan\u00e7as po\u00e9ticas entre os bichos e os humanos.<\/p>\n<p>\t\t<img decoding=\"async\" src=\"https:\/\/www.europesays.com\/pt\/wp-content\/uploads\/2025\/11\/1763734392_988_thumbs.web.sapo.io\"  loading=\"true\"\/><\/p>\n<p>                        Nuno Fox<\/p>\n<p>E, quanto a isso, Let\u00edcia j\u00e1 assumiu ser mais flamingo do que girafa, pela \u201cesquisitice\u201d, por ser \u201cmais frita e voadora\u201d.<\/p>\n<p>Um flamingo que bate as suas asas e mergulha nas \u00e1guas do rock e do pop, entre o ingl\u00eas e o portugu\u00eas, entre o riso e as l\u00e1grimas, com sofistica\u00e7\u00e3o, bom gosto e leveza. Cria\u00e7\u00f5es que combinam profundidade e instinto \u00e0 flor da pele.<\/p>\n<p>\t\t<img decoding=\"async\" src=\"https:\/\/www.europesays.com\/pt\/wp-content\/uploads\/2025\/11\/1763734393_594_thumbs.web.sapo.io\"  loading=\"true\"\/><\/p>\n<p>                        Nuno Fox<\/p>\n<p>E tomem nota: Letrux vai atuar esta sexta feira, dia 21 de novembro, na Casa Capit\u00e3o, num concerto intimista que celebra os 20 anos do seu percurso na cena alternativa brasileira, e segue para Guarda para atuar no dia 22, onde ir\u00e1 revisitar o seu repert\u00f3rio e reinterpretar\u00e1 outros tantos artistas que marcaram a hist\u00f3ria da m\u00fasica. N\u00e3o percam.<\/p>\n<p>E, no dia 23 de novembro, Letrux vai lan\u00e7ar tamb\u00e9m na Casa Capit\u00e3o o seu \u00faltimo livro \u201cBrincadeiras \u00e0 Parte\u201d &#8211; um livro de contos, verdades, del\u00edrios e desejos como quem brinca \u2013 mas nunca de mentira. Uma obra que surge depois dos livros \u201cZaralha &#8211; abri minha pasta\u201d e \u201cTudo o que j\u00e1 nadei &#8211; ressaca, quebra-mar, marolinhas.<\/p>\n<p>\u00c9 sempre a partir da palavra que come\u00e7am todas as suas cria\u00e7\u00f5es, sejam as musicais ou as restantes? A quest\u00e3o \u00e9-lhe colocada.<\/p>\n<p>Al\u00e9m dos discos, dos concertos e dos seus livros, Letrux tem entrado em v\u00e1rios filmes e s\u00e9ries, e nesta conversa revela o seu profundo interesse e conhecimento por astrologia, heran\u00e7a materna, e na espiritualidade.<\/p>\n<p>Feminista, interessada na for\u00e7a pol\u00edtica da arte e defensora de v\u00e1rias causas humanistas, d\u00e1 conta de como usa o microfone nos seus shows n\u00e3o s\u00f3 para cantar, mas como amplificador de denuncia de desigualdades e injusti\u00e7as.<\/p>\n<p>E, sem hipocrisias, fala abertamente do uso de drogas, que a ajudam a lidar com a ansiedade de ser uma artista independente a sobreviver neste mundo ca\u00f3tico.<\/p>\n<p>Quem \u00e9 atualmente Letrux na fila do p\u00e3o, fora dos palcos? O epis\u00f3dio arranca precisamente com esta quest\u00e3o, que vai dar muito enredo.<\/p>\n<p>\t\t<img decoding=\"async\" src=\"https:\/\/www.europesays.com\/pt\/wp-content\/uploads\/2025\/11\/1763734394_228_thumbs.web.sapo.io\"  loading=\"true\"\/><\/p>\n<p>                        Nuno Fox<\/p>\n<p>Como sabem, o gen\u00e9rico \u00e9 assinado por <strong>M\u00e1rcia<\/strong> e conta com a colabora\u00e7\u00e3o de <strong>Tomara<\/strong>. Os retratos s\u00e3o da autoria de <strong>Nuno Fox<\/strong>. E a sonoplastia deste podcast \u00e9 de <strong>Jo\u00e3o Ribeiro.<\/strong><\/p>\n<p><strong>A segunda parte desta conversa fica dispon\u00edvel na manh\u00e3 deste s\u00e1bado.<\/strong><\/p>\n","protected":false},"excerpt":{"rendered":"Let\u00edcia Novaes, mais conhecida pelo alter ego art\u00edstico Letrux, \u00e9 a autora e a voz de um dos&hellip;\n","protected":false},"author":2,"featured_media":160061,"comment_status":"","ping_status":"","sticky":false,"template":"","format":"standard","meta":{"footnotes":""},"categories":[145],"tags":[211,210,114,115,32,33],"class_list":{"0":"post-160060","1":"post","2":"type-post","3":"status-publish","4":"format-standard","5":"has-post-thumbnail","7":"category-celebridades","8":"tag-celebridades","9":"tag-celebrities","10":"tag-entertainment","11":"tag-entretenimento","12":"tag-portugal","13":"tag-pt"},"share_on_mastodon":{"url":"https:\/\/pubeurope.com\/@pt\/115588104977852174","error":""},"_links":{"self":[{"href":"https:\/\/www.europesays.com\/pt\/wp-json\/wp\/v2\/posts\/160060","targetHints":{"allow":["GET"]}}],"collection":[{"href":"https:\/\/www.europesays.com\/pt\/wp-json\/wp\/v2\/posts"}],"about":[{"href":"https:\/\/www.europesays.com\/pt\/wp-json\/wp\/v2\/types\/post"}],"author":[{"embeddable":true,"href":"https:\/\/www.europesays.com\/pt\/wp-json\/wp\/v2\/users\/2"}],"replies":[{"embeddable":true,"href":"https:\/\/www.europesays.com\/pt\/wp-json\/wp\/v2\/comments?post=160060"}],"version-history":[{"count":0,"href":"https:\/\/www.europesays.com\/pt\/wp-json\/wp\/v2\/posts\/160060\/revisions"}],"wp:featuredmedia":[{"embeddable":true,"href":"https:\/\/www.europesays.com\/pt\/wp-json\/wp\/v2\/media\/160061"}],"wp:attachment":[{"href":"https:\/\/www.europesays.com\/pt\/wp-json\/wp\/v2\/media?parent=160060"}],"wp:term":[{"taxonomy":"category","embeddable":true,"href":"https:\/\/www.europesays.com\/pt\/wp-json\/wp\/v2\/categories?post=160060"},{"taxonomy":"post_tag","embeddable":true,"href":"https:\/\/www.europesays.com\/pt\/wp-json\/wp\/v2\/tags?post=160060"}],"curies":[{"name":"wp","href":"https:\/\/api.w.org\/{rel}","templated":true}]}}