{"id":160062,"date":"2025-11-21T14:18:17","date_gmt":"2025-11-21T14:18:17","guid":{"rendered":"https:\/\/www.europesays.com\/pt\/160062\/"},"modified":"2025-11-21T14:18:17","modified_gmt":"2025-11-21T14:18:17","slug":"kerem-akturkoglu-processado-pela-warner-bros","status":"publish","type":"post","link":"https:\/\/www.europesays.com\/pt\/160062\/","title":{"rendered":"Kerem Akturkoglu processado pela Warner Bros"},"content":{"rendered":"<p>&#8211; Advertisement &#8211;<\/p>\n<p><strong>A Warner Bros processou Kerem Akturkoglu por utiliza\u00e7\u00e3o de elementos ligados ao Harry Potter sem autoriza\u00e7\u00e3o.<\/strong><\/p>\n<p>Kerem Akturkoglu foi processado pela Warners Bros Entertainment Inc, garante a imprensa turca. A famosa produtora de Hollywood alegou que o ex-Benfica \u00abutilizou elementos visuais e auditivos do universo \u201cHarry Potter\u201d sem autoriza\u00e7\u00e3o\u00bb. <\/p>\n<p>De acordo com a imprensa turca, a Warner Bros apontou ainda a utiliza\u00e7\u00e3o da m\u00fasica ic\u00f3nica de \u00abHarry Potter\u00bb nas publica\u00e7\u00f5es de <a href=\"https:\/\/bolanarede.pt\/etiqueta\/kerem-akturkoglu\/\" target=\"_blank\" rel=\"noreferrer noopener nofollow\">Kerem Akturkoglu<\/a>, al\u00e9m de elementos alusivos \u00e0 marca em v\u00eddeos partilhados. N\u00e3o havendo pedido de autoriza\u00e7\u00e3o, a empresa alega a viola\u00e7\u00e3o dos direitos financeiros e morais do autor da obra. <\/p>\n<p>A Warner Bros destacou ainda que se tratam de \u00abmarcas mundialmente conhecidas e com elevado valor comercial\u00bb, ao que o jogador faria \u00abrefer\u00eancia clara\u00bb a estas marcas sem autoriza\u00e7\u00e3o.<\/p>\n","protected":false},"excerpt":{"rendered":"&#8211; Advertisement &#8211; A Warner Bros processou Kerem Akturkoglu por utiliza\u00e7\u00e3o de elementos ligados ao Harry Potter sem&hellip;\n","protected":false},"author":2,"featured_media":160063,"comment_status":"","ping_status":"","sticky":false,"template":"","format":"standard","meta":{"footnotes":""},"categories":[140],"tags":[260,478,114,115,147,148,700,2231,146,32,33,7088],"class_list":{"0":"post-160062","1":"post","2":"type-post","3":"status-publish","4":"format-standard","5":"has-post-thumbnail","7":"category-filmes","8":"tag-atualidade","9":"tag-destaques-bnr","10":"tag-entertainment","11":"tag-entretenimento","12":"tag-film","13":"tag-filmes","14":"tag-harry-potter","15":"tag-kerem-akturkoglu","16":"tag-movies","17":"tag-portugal","18":"tag-pt","19":"tag-warner-bros"},"share_on_mastodon":{"url":"https:\/\/pubeurope.com\/@pt\/115588124210279565","error":""},"_links":{"self":[{"href":"https:\/\/www.europesays.com\/pt\/wp-json\/wp\/v2\/posts\/160062","targetHints":{"allow":["GET"]}}],"collection":[{"href":"https:\/\/www.europesays.com\/pt\/wp-json\/wp\/v2\/posts"}],"about":[{"href":"https:\/\/www.europesays.com\/pt\/wp-json\/wp\/v2\/types\/post"}],"author":[{"embeddable":true,"href":"https:\/\/www.europesays.com\/pt\/wp-json\/wp\/v2\/users\/2"}],"replies":[{"embeddable":true,"href":"https:\/\/www.europesays.com\/pt\/wp-json\/wp\/v2\/comments?post=160062"}],"version-history":[{"count":0,"href":"https:\/\/www.europesays.com\/pt\/wp-json\/wp\/v2\/posts\/160062\/revisions"}],"wp:featuredmedia":[{"embeddable":true,"href":"https:\/\/www.europesays.com\/pt\/wp-json\/wp\/v2\/media\/160063"}],"wp:attachment":[{"href":"https:\/\/www.europesays.com\/pt\/wp-json\/wp\/v2\/media?parent=160062"}],"wp:term":[{"taxonomy":"category","embeddable":true,"href":"https:\/\/www.europesays.com\/pt\/wp-json\/wp\/v2\/categories?post=160062"},{"taxonomy":"post_tag","embeddable":true,"href":"https:\/\/www.europesays.com\/pt\/wp-json\/wp\/v2\/tags?post=160062"}],"curies":[{"name":"wp","href":"https:\/\/api.w.org\/{rel}","templated":true}]}}