{"id":160064,"date":"2025-11-21T14:19:15","date_gmt":"2025-11-21T14:19:15","guid":{"rendered":"https:\/\/www.europesays.com\/pt\/160064\/"},"modified":"2025-11-21T14:19:15","modified_gmt":"2025-11-21T14:19:15","slug":"fabio-carvalho-sofre-rotura-no-ligamento-cruzado-e-nao-joga-mais-esta-epoca","status":"publish","type":"post","link":"https:\/\/www.europesays.com\/pt\/160064\/","title":{"rendered":"F\u00e1bio Carvalho sofre rotura no ligamento cruzado e n\u00e3o joga mais esta \u00e9poca"},"content":{"rendered":"<p>O Brentford anunciou esta quinta-feira que F\u00e1bio Carvalho sofreu uma rotura no ligamento cruzado anterior e n\u00e3o joga mais esta \u00e9poca.<\/p>\n<p>\u00abO extremo foi avaliado por um especialista e agora prepara-se para a cirurgia ao ligamento cruzado anterior, tendo j\u00e1 iniciado a sua reabilita\u00e7\u00e3o no clube\u00bb, pode ler-se no comunicado oficial.<\/p>\n<p>Esta temporada, o jovem portugu\u00eas leva nove jogos, tr\u00eas golos e uma assist\u00eancia. Ao longo da carreira representou tamb\u00e9m o Fulham, Liverpool, Leipzig e Hull City.<\/p>\n<blockquote class=\"twitter-tweet\">\n<p lang=\"en\">F\u00e1bio Carvalho is to undergo surgery after sustaining an ACL injury and will miss the rest of the season<\/p>\n<p>We will all be with you every step of the way, F\u00e1bio \ud83d\ude4f<\/p>\n<p> \u2014 Brentford FC (@BrentfordFC)<br \/>\n  <a href=\"https:\/\/twitter.com\/BrentfordFC\/status\/1991568474540503089?ref_src=twsrc%5Etfw\" rel=\"nofollow noopener\" target=\"_blank\">November 20, 2025<\/a>\n <\/p><\/blockquote>\n<p>                                <script async src=\"https:\/\/platform.twitter.com\/widgets.js\" charset=\"utf-8\"><\/script><\/p>\n","protected":false},"excerpt":{"rendered":"O Brentford anunciou esta quinta-feira que F\u00e1bio Carvalho sofreu uma rotura no ligamento cruzado anterior e n\u00e3o joga&hellip;\n","protected":false},"author":2,"featured_media":160065,"comment_status":"","ping_status":"","sticky":false,"template":"","format":"standard","meta":{"footnotes":""},"categories":[87],"tags":[18881,135,18882,665,82,2613,436,46,32,33,47,134],"class_list":{"0":"post-160064","1":"post","2":"type-post","3":"status-publish","4":"format-standard","5":"has-post-thumbnail","7":"category-desporto","8":"tag-brentford","9":"tag-desporto","10":"tag-fabio-carvalho","11":"tag-inglaterra","12":"tag-internacional","13":"tag-lesao","14":"tag-made-in","15":"tag-maisfutebol","16":"tag-portugal","17":"tag-pt","18":"tag-pura-paixao","19":"tag-sports"},"share_on_mastodon":{"url":"https:\/\/pubeurope.com\/@pt\/115588128050357698","error":""},"_links":{"self":[{"href":"https:\/\/www.europesays.com\/pt\/wp-json\/wp\/v2\/posts\/160064","targetHints":{"allow":["GET"]}}],"collection":[{"href":"https:\/\/www.europesays.com\/pt\/wp-json\/wp\/v2\/posts"}],"about":[{"href":"https:\/\/www.europesays.com\/pt\/wp-json\/wp\/v2\/types\/post"}],"author":[{"embeddable":true,"href":"https:\/\/www.europesays.com\/pt\/wp-json\/wp\/v2\/users\/2"}],"replies":[{"embeddable":true,"href":"https:\/\/www.europesays.com\/pt\/wp-json\/wp\/v2\/comments?post=160064"}],"version-history":[{"count":0,"href":"https:\/\/www.europesays.com\/pt\/wp-json\/wp\/v2\/posts\/160064\/revisions"}],"wp:featuredmedia":[{"embeddable":true,"href":"https:\/\/www.europesays.com\/pt\/wp-json\/wp\/v2\/media\/160065"}],"wp:attachment":[{"href":"https:\/\/www.europesays.com\/pt\/wp-json\/wp\/v2\/media?parent=160064"}],"wp:term":[{"taxonomy":"category","embeddable":true,"href":"https:\/\/www.europesays.com\/pt\/wp-json\/wp\/v2\/categories?post=160064"},{"taxonomy":"post_tag","embeddable":true,"href":"https:\/\/www.europesays.com\/pt\/wp-json\/wp\/v2\/tags?post=160064"}],"curies":[{"name":"wp","href":"https:\/\/api.w.org\/{rel}","templated":true}]}}