{"id":160066,"date":"2025-11-21T14:20:13","date_gmt":"2025-11-21T14:20:13","guid":{"rendered":"https:\/\/www.europesays.com\/pt\/160066\/"},"modified":"2025-11-21T14:20:13","modified_gmt":"2025-11-21T14:20:13","slug":"sensacao-de-desmaio-e-pulso-falho-3-sintomas-de-arritmia-que-exigem-ida-ao-pronto-socorro","status":"publish","type":"post","link":"https:\/\/www.europesays.com\/pt\/160066\/","title":{"rendered":"Sensa\u00e7\u00e3o de desmaio e pulso falho: 3 sintomas de arritmia que exigem ida ao pronto-socorro"},"content":{"rendered":"<p>                        <img width=\"944\" height=\"531\" src=\"https:\/\/www.europesays.com\/pt\/wp-content\/uploads\/2025\/11\/arritmia-cardiaca-944x531.jpg\" class=\"attachment-custom-large size-custom-large article-featured-image\" alt=\"arritmia cardiaca\" fetchpriority=\"high\" decoding=\"async\"  \/><\/p>\n<p>Cardiologista do HCor explica a diferen\u00e7a entre arritmia benigna e maligna e quando buscar socorro. (Foto: Reprodu\u00e7\u00e3o)<\/p>\n<p>Imagine que voc\u00ea est\u00e1 no sof\u00e1 da sala, assistindo televis\u00e3o, num momento de total relaxamento. De repente, o seu cora\u00e7\u00e3o dispara, a sua respira\u00e7\u00e3o fica ofegante e uma dor aperta o seu peito.<\/p>\n<p>Continua depois da publicidade<\/p>\n<p>Essa \u00e9 a sensa\u00e7\u00e3o de quem sofre uma taquicardia, um dos tipos mais comuns de arritmia. Mas h\u00e1 casos em que os batimentos card\u00edacos ficam descompassados ou at\u00e9 mais lentos do que o ideal.<\/p>\n<p>Para explicar melhor como reconhecer cada tipo de arritmia, a Reportagem conversou com o cardiologista Jos\u00e9 Carlos Pach\u00f3n, diretor do Servi\u00e7o de Eletrofisiologia, Marcapasso e Arritmias do HCor.<\/p>\n<p>Sintomas associados \u00e0 arritmia<\/p>\n<p>Diferente da taquicardia, a arritmia extrassist\u00f3lica provoca uma sensa\u00e7\u00e3o de falha no pulso ou uma esp\u00e9cie de \u201ctrope\u00e7o\u201d no batimento card\u00edaco.<\/p>\n<p>Continua depois da publicidade<\/p>\n<p>\u201cOu ent\u00e3o o paciente sente um ritmo descompassado, com batimentos irregulares e sem uma cad\u00eancia fixa\u201d, explica Pach\u00f3n. \u201cIsso \u00e9 muito comum na fibrila\u00e7\u00e3o atrial e pode durar por minutos, horas, dias ou at\u00e9 ser permanente na vida do paciente\u201d, completa.<\/p>\n<p>Al\u00e9m disso, \u00e9 poss\u00edvel experienciar a chamada bradiarritmia. \u201cO cora\u00e7\u00e3o fica lento, h\u00e1 uma sensa\u00e7\u00e3o de fraqueza, tontura, cansa\u00e7o e at\u00e9 mesmo desmaio\u201d, afirma o m\u00e9dico.<\/p>\n<p>Independentemente do ritmo do cora\u00e7\u00e3o, se os sintomas que acompanham a arritmia forem intensos, \u00e9 necess\u00e1rio procurar um pronto-socorro.\u00a0<\/p>\n<p>Continua depois da publicidade<\/p>\n<p>Curiosidades sobre a arritmia<\/p>\n<p>Segundo Pach\u00f3n, a dura\u00e7\u00e3o da arritmia depende da origem do transtorno. Em quadros mais graves, elas chegam a durar a vida inteira.<\/p>\n<p>Mas ainda h\u00e1 aqueles casos em que o primeiro sinal de arritmia \u00e9 a morte s\u00fabita do cora\u00e7\u00e3o, resultado de doen\u00e7as silenciosas e n\u00e3o tratadas.<\/p>\n<p>Por isso, \u00e9 muito importante fazer uma avalia\u00e7\u00e3o cardiol\u00f3gica, caso haja hist\u00f3rico familiar de doen\u00e7as do cora\u00e7\u00e3o ou se os sintomas mencionados surgirem sem causa aparente.<\/p>\n<p>Continua depois da publicidade<\/p>\n<p>Arritmia benigna<\/p>\n<p>Segundo o representante da Diretoria de Arritmias do HCor, a gravidade da arritmia card\u00edaca n\u00e3o \u00e9 necessariamente classificada pelos sintomas.\u00a0<\/p>\n<p>\u201cExistem arritmias com alto risco de vida que podem n\u00e3o apresentar sintomas, ao passo que h\u00e1 arritmias que provocam sintomas intensos e n\u00e3o t\u00eam nenhum risco para o paciente\u201d, explica.<\/p>\n<p>De um modo geral, a arritmia benigna tem baixo risco de vida e costuma ocorrer em cora\u00e7\u00f5es saud\u00e1veis. \u00c9 o caso das extrass\u00edstoles (aquelas que provocam pequenos trope\u00e7os).\u00a0<\/p>\n<p>Continua depois da publicidade<\/p>\n<p>\u201cEntretanto, quando as extrass\u00edstoles, mesmo benignas, s\u00e3o muito frequentes, elas podem ocasionar desconforto constante e at\u00e9 mesmo levar \u00e0 insufici\u00eancia card\u00edaca. Nesses casos, elas devem ser tratadas de forma definitiva\u201d, conta Jos\u00e9 Carlos Pach\u00f3n.<\/p>\n<p>Arritmia maligna<\/p>\n<p>J\u00e1 a arritmia maligna pode provocar quadros graves, como Acidente Vascular Cerebral (AVC), edema cardiovascular e at\u00e9 mesmo a morte s\u00fabita do cora\u00e7\u00e3o.<\/p>\n<p>\u201cElas geralmente ocorrem em cora\u00e7\u00f5es que j\u00e1 t\u00eam uma doen\u00e7a, como chagas, um infarto do mioc\u00e1rdio pr\u00e9vio ou uma insufici\u00eancia card\u00edaca. Ent\u00e3o, \u00e9 necess\u00e1rio que fa\u00e7amos sempre uma avalia\u00e7\u00e3o cardiol\u00f3gica cuidadosa para ter certeza de qual \u00e9 o tipo de arritmia\u201d, finaliza Pach\u00f3n.<\/p>\n<p>Continua depois da publicidade<\/p>\n<p>Por Vitoria Estrela<\/p>\n<p><strong><a href=\"https:\/\/www.nsctotal.com.br\/noticias\/academia-e-sexo-sao-perigosos-para-quem-tem-arritmia-medico-esclarece-limites-do-coracao\" target=\"_blank\" rel=\"noreferrer noopener nofollow\">Academia e sexo s\u00e3o perigosos para quem tem arritmia? M\u00e9dico esclarece limites do cora\u00e7\u00e3o<\/a><\/strong><\/p>\n","protected":false},"excerpt":{"rendered":"Cardiologista do HCor explica a diferen\u00e7a entre arritmia benigna e maligna e quando buscar socorro. (Foto: Reprodu\u00e7\u00e3o) Imagine&hellip;\n","protected":false},"author":2,"featured_media":160067,"comment_status":"","ping_status":"","sticky":false,"template":"","format":"standard","meta":{"footnotes":""},"categories":[86],"tags":[116,32,33,117,794],"class_list":{"0":"post-160066","1":"post","2":"type-post","3":"status-publish","4":"format-standard","5":"has-post-thumbnail","7":"category-saude","8":"tag-health","9":"tag-portugal","10":"tag-pt","11":"tag-saude","12":"tag-voce-viu"},"share_on_mastodon":{"url":"https:\/\/pubeurope.com\/@pt\/115588132140810154","error":""},"_links":{"self":[{"href":"https:\/\/www.europesays.com\/pt\/wp-json\/wp\/v2\/posts\/160066","targetHints":{"allow":["GET"]}}],"collection":[{"href":"https:\/\/www.europesays.com\/pt\/wp-json\/wp\/v2\/posts"}],"about":[{"href":"https:\/\/www.europesays.com\/pt\/wp-json\/wp\/v2\/types\/post"}],"author":[{"embeddable":true,"href":"https:\/\/www.europesays.com\/pt\/wp-json\/wp\/v2\/users\/2"}],"replies":[{"embeddable":true,"href":"https:\/\/www.europesays.com\/pt\/wp-json\/wp\/v2\/comments?post=160066"}],"version-history":[{"count":0,"href":"https:\/\/www.europesays.com\/pt\/wp-json\/wp\/v2\/posts\/160066\/revisions"}],"wp:featuredmedia":[{"embeddable":true,"href":"https:\/\/www.europesays.com\/pt\/wp-json\/wp\/v2\/media\/160067"}],"wp:attachment":[{"href":"https:\/\/www.europesays.com\/pt\/wp-json\/wp\/v2\/media?parent=160066"}],"wp:term":[{"taxonomy":"category","embeddable":true,"href":"https:\/\/www.europesays.com\/pt\/wp-json\/wp\/v2\/categories?post=160066"},{"taxonomy":"post_tag","embeddable":true,"href":"https:\/\/www.europesays.com\/pt\/wp-json\/wp\/v2\/tags?post=160066"}],"curies":[{"name":"wp","href":"https:\/\/api.w.org\/{rel}","templated":true}]}}