{"id":160074,"date":"2025-11-21T14:27:12","date_gmt":"2025-11-21T14:27:12","guid":{"rendered":"https:\/\/www.europesays.com\/pt\/160074\/"},"modified":"2025-11-21T14:27:12","modified_gmt":"2025-11-21T14:27:12","slug":"nuno-markl-esta-estavel-apos-avc-e-a-recuperar-no-hospital","status":"publish","type":"post","link":"https:\/\/www.europesays.com\/pt\/160074\/","title":{"rendered":"Nuno Markl est\u00e1 &#8220;est\u00e1vel&#8221; ap\u00f3s AVC e a recuperar no hospital"},"content":{"rendered":"<p>O apresentador e humorista <strong>Nuno Markl<\/strong>, de 54 anos, encontra-se hospitalizado no <strong>Hospital S\u00e3o Francisco Xavier<\/strong>, em Lisboa, ap\u00f3s ter sofrido um <strong>acidente vascular cerebral (AVC)<\/strong> esta quinta-feira.<\/p>\n<p>Segundo fonte hospitalar ouvida pela <a href=\"https:\/\/sicnoticias.pt\/cultura\/2025-11-20-nuno-markl-hospitalizado-apos-sofrer-avc-33a33053\" target=\"_blank\" rel=\"noopener noreferrer nofollow\">&#8220;SIC Not\u00edcias&#8221;<\/a>, o locutor da R\u00e1dio Comercial <strong>n\u00e3o corre risco de vida<\/strong>.<\/p>\n<p>Markl mant\u00e9m-se sob <strong>observa\u00e7\u00e3o nos cuidados intensivos<\/strong>, com um progn\u00f3stico considerado favor\u00e1vel. A R\u00e1dio Comercial, onde Markl \u00e9 locutor das manh\u00e3s publicou nas redes sociais uma mensagem de apoio: \u201cNuno, estamos todos contigo\u201d.<\/p>\n<p>Durante a emiss\u00e3o do programa &#8220;Manh\u00e3s da Comercial&#8221;, Pedro Ribeiro lembrou que as <strong>&#8220;primeiras 48 horas s\u00e3o decisivas para perceber a extens\u00e3o dos danos e sequelas&#8221; <\/strong>e garante que<strong> <\/strong><strong>est\u00e1 &#8220;a receber os melhores cuidados&#8221;.<\/strong><\/p>\n<p>Pedro Ribeiro disse que a emiss\u00e3o desta sexta-feira &#8220;foi uma das mais dif\u00edceis&#8221;.<\/p>\n<p>Com uma carreira que j\u00e1 ultrapassa <strong>tr\u00eas d\u00e9cadas<\/strong>, Markl come\u00e7ou a destacar-se em 1993 com a radionovela humor\u00edstica <strong>\u201cA Saga de Ab\u00edlio que Caiu da Cerejeira\u201d<\/strong>. Desde o final da d\u00e9cada de 1990 apresenta a rubrica <a href=\"https:\/\/radiocomercial.pt\/podcasts\/o-homem-que-mordeu-o-cao\" target=\"_blank\" rel=\"noopener noreferrer nofollow\"><strong>\u201cO Homem que Mordeu o C\u00e3o\u201d<\/strong><\/a>, que deu origem a <strong>tr\u00eas livros<\/strong> \u2014 o \u00faltimo lan\u00e7ado este ano \u2014, e integra a equipa das &#8220;Manh\u00e3s da Comercial\u201d naquela r\u00e1dio. \u00c9 coapresentador da vers\u00e3o portuguesa do formato internacional \u201cTaskmaster&#8221;, na RTP1, onde \u00e9 l\u00edder de audi\u00eancias nas noites de s\u00e1bado.<\/p>\n","protected":false},"excerpt":{"rendered":"O apresentador e humorista Nuno Markl, de 54 anos, encontra-se hospitalizado no Hospital S\u00e3o Francisco Xavier, em Lisboa,&hellip;\n","protected":false},"author":2,"featured_media":160075,"comment_status":"","ping_status":"","sticky":false,"template":"","format":"standard","meta":{"footnotes":""},"categories":[145],"tags":[211,210,114,115,32,33],"class_list":{"0":"post-160074","1":"post","2":"type-post","3":"status-publish","4":"format-standard","5":"has-post-thumbnail","7":"category-celebridades","8":"tag-celebridades","9":"tag-celebrities","10":"tag-entertainment","11":"tag-entretenimento","12":"tag-portugal","13":"tag-pt"},"share_on_mastodon":{"url":"https:\/\/pubeurope.com\/@pt\/115588159409271681","error":""},"_links":{"self":[{"href":"https:\/\/www.europesays.com\/pt\/wp-json\/wp\/v2\/posts\/160074","targetHints":{"allow":["GET"]}}],"collection":[{"href":"https:\/\/www.europesays.com\/pt\/wp-json\/wp\/v2\/posts"}],"about":[{"href":"https:\/\/www.europesays.com\/pt\/wp-json\/wp\/v2\/types\/post"}],"author":[{"embeddable":true,"href":"https:\/\/www.europesays.com\/pt\/wp-json\/wp\/v2\/users\/2"}],"replies":[{"embeddable":true,"href":"https:\/\/www.europesays.com\/pt\/wp-json\/wp\/v2\/comments?post=160074"}],"version-history":[{"count":0,"href":"https:\/\/www.europesays.com\/pt\/wp-json\/wp\/v2\/posts\/160074\/revisions"}],"wp:featuredmedia":[{"embeddable":true,"href":"https:\/\/www.europesays.com\/pt\/wp-json\/wp\/v2\/media\/160075"}],"wp:attachment":[{"href":"https:\/\/www.europesays.com\/pt\/wp-json\/wp\/v2\/media?parent=160074"}],"wp:term":[{"taxonomy":"category","embeddable":true,"href":"https:\/\/www.europesays.com\/pt\/wp-json\/wp\/v2\/categories?post=160074"},{"taxonomy":"post_tag","embeddable":true,"href":"https:\/\/www.europesays.com\/pt\/wp-json\/wp\/v2\/tags?post=160074"}],"curies":[{"name":"wp","href":"https:\/\/api.w.org\/{rel}","templated":true}]}}