{"id":160080,"date":"2025-11-21T14:32:07","date_gmt":"2025-11-21T14:32:07","guid":{"rendered":"https:\/\/www.europesays.com\/pt\/160080\/"},"modified":"2025-11-21T14:32:07","modified_gmt":"2025-11-21T14:32:07","slug":"sonhos-de-trem-novo-filme-da-netflix-ganha-trailer-final","status":"publish","type":"post","link":"https:\/\/www.europesays.com\/pt\/160080\/","title":{"rendered":"Sonhos de Trem | Novo filme da Netflix ganha trailer final"},"content":{"rendered":"<p>O drama\u00a0<strong>Sonhos de Trem<\/strong>,\u00a0filme da <strong>Netflix <\/strong>que est\u00e1 cotado\u00a0para o\u00a0<strong>Oscar 2026<\/strong>, estreou na plataforma de streaming nesta sexta-feira (21). Para celebrar, a empresa divulgou o trailer final do longa, que estreou no\u00a0<strong>Festival de Sundance\u00a0<\/strong>em janeiro, onde foi amplamente celebrado. Confira acima.<\/p>\n<p>Sonhos de Trem\u00a0\u00e9 uma adapta\u00e7\u00e3o do livro de\u00a0<strong>Denis Johnson\u00a0<\/strong>e conta a hist\u00f3ria de\u00a0Robert Grainer, um homem comum que trabalhou como diarista no oeste americano no in\u00edcio do s\u00e9culo XX. Abalado pela morte de sua fam\u00edlia, ele luta para se adaptar a esse novo ambiente.\u00a0<strong>Clint Bentley<\/strong>\u00a0dirigiu o filme e coescreveu o roteiro com\u00a0<strong>Greg Kwedar<\/strong>. Os dois colaboraram recentemente no roteiro indicado ao Oscar de\u00a0Sing Sing.\u00a0<strong>Kerry Condon<\/strong>,\u00a0<strong>William H. Macy<\/strong>\u00a0e\u00a0<strong>Clifton Collins Jr.<\/strong>\u00a0completam o elenco.<\/p>\n<p>            Continua depois da Publicidade<\/p>\n<p>O streaming garantiu em janeiro deste ano,<strong>\u00a0<\/strong>por US$ 16 milh\u00f5es, os direitos de distribui\u00e7\u00e3o de\u00a0Sonhos de Trem.\u00a0Este \u00e9 o sexto valor mais alto j\u00e1 pago por um filme exibido em Sundance e, de acordo com a\u00a0Variety, a\u00a0Netflix\u00a0se interessou pelo potencial de premia\u00e7\u00f5es do longa-metragem.<\/p>\n<p>Sonhos de Trem\u00a0j\u00e1 est\u00e1 dispon\u00edvel para streaming na Netflix.<\/p>\n","protected":false},"excerpt":{"rendered":"O drama\u00a0Sonhos de Trem,\u00a0filme da Netflix que est\u00e1 cotado\u00a0para o\u00a0Oscar 2026, estreou na plataforma de streaming nesta sexta-feira&hellip;\n","protected":false},"author":2,"featured_media":160081,"comment_status":"","ping_status":"","sticky":false,"template":"","format":"standard","meta":{"footnotes":""},"categories":[140],"tags":[114,115,147,148,146,32,33],"class_list":{"0":"post-160080","1":"post","2":"type-post","3":"status-publish","4":"format-standard","5":"has-post-thumbnail","7":"category-filmes","8":"tag-entertainment","9":"tag-entretenimento","10":"tag-film","11":"tag-filmes","12":"tag-movies","13":"tag-portugal","14":"tag-pt"},"share_on_mastodon":{"url":"https:\/\/pubeurope.com\/@pt\/115588179261307499","error":""},"_links":{"self":[{"href":"https:\/\/www.europesays.com\/pt\/wp-json\/wp\/v2\/posts\/160080","targetHints":{"allow":["GET"]}}],"collection":[{"href":"https:\/\/www.europesays.com\/pt\/wp-json\/wp\/v2\/posts"}],"about":[{"href":"https:\/\/www.europesays.com\/pt\/wp-json\/wp\/v2\/types\/post"}],"author":[{"embeddable":true,"href":"https:\/\/www.europesays.com\/pt\/wp-json\/wp\/v2\/users\/2"}],"replies":[{"embeddable":true,"href":"https:\/\/www.europesays.com\/pt\/wp-json\/wp\/v2\/comments?post=160080"}],"version-history":[{"count":0,"href":"https:\/\/www.europesays.com\/pt\/wp-json\/wp\/v2\/posts\/160080\/revisions"}],"wp:featuredmedia":[{"embeddable":true,"href":"https:\/\/www.europesays.com\/pt\/wp-json\/wp\/v2\/media\/160081"}],"wp:attachment":[{"href":"https:\/\/www.europesays.com\/pt\/wp-json\/wp\/v2\/media?parent=160080"}],"wp:term":[{"taxonomy":"category","embeddable":true,"href":"https:\/\/www.europesays.com\/pt\/wp-json\/wp\/v2\/categories?post=160080"},{"taxonomy":"post_tag","embeddable":true,"href":"https:\/\/www.europesays.com\/pt\/wp-json\/wp\/v2\/tags?post=160080"}],"curies":[{"name":"wp","href":"https:\/\/api.w.org\/{rel}","templated":true}]}}