{"id":160082,"date":"2025-11-21T14:33:08","date_gmt":"2025-11-21T14:33:08","guid":{"rendered":"https:\/\/www.europesays.com\/pt\/160082\/"},"modified":"2025-11-21T14:33:08","modified_gmt":"2025-11-21T14:33:08","slug":"reuniao-de-varandas-rui-costa-villas-boas-e-salvador-com-proenca-ja-terminou","status":"publish","type":"post","link":"https:\/\/www.europesays.com\/pt\/160082\/","title":{"rendered":"Reuni\u00e3o de Varandas, Rui Costa, Villas-Boas e Salvador com Proen\u00e7a j\u00e1 terminou"},"content":{"rendered":"<p>Frederico Varandas, Rui Costa, Andr\u00e9 Villas-Boas e Ant\u00f3nio Salvador estiveram esta sexta-feira na Cidade do Futebol, para uma reuni\u00e3o com Pedro Proen\u00e7a.<\/p>\n<p>O encontro durou pouco menos de duas horas para Rui Costa, Villas-Boas e Ant\u00f3nio Salvador, enquanto Frederico Varandas teve de sair meia-hora mais cedo por outros compromissos.<\/p>\n<p>Ap\u00f3s a sa\u00edda do presidente do Sporting, a reuni\u00e3o continuou na Cidade do Futebol, mas por pouco mais tempo.<\/p>\n<p>A reuni\u00e3o, recorde-se, estava agendada para as 11 horas e foi pedida pelos quatro clubes grandes, para\u00a0debater v\u00e1rios temas de interesse para o futebol portugu\u00eas, como a arbitragem, os quadros competitivos, a carga fiscal sobre o futebol, os custos com seguros e policiamento, entre outros.<\/p>\n<p>No entanto, e acima de tudo, os quatro grandes querem falar com Proen\u00e7a sobre a distribui\u00e7\u00e3o dos dinheiro das apostas desportivas, particularmente a receita dos jogos de futebol internacional.<\/p>\n<p>Recorde-se que, como <strong><a href=\"https:\/\/maisfutebol.iol.pt\/reinaldo-teixeira\/entrevista\/apostas-desportivas-tenho-a-certeza-que-proenca-vai-cumprir-a-promessa-feita\" rel=\"nofollow noopener\" target=\"_blank\">Reinaldo Teixeira referiu numa entrevista ao Maisfutebol<\/a><\/strong>, Pedro Proen\u00e7a sempre lutou para que a receita proveniente de apostas online feitas com jogos internacionais passasse para a Liga Portugal, e n\u00e3o ficasse na Federa\u00e7\u00e3o como ent\u00e3o acontecia.<\/p>\n<p>No entanto isso ainda n\u00e3o aconteceu, pelo que os quatro clubes querem perceber porqu\u00ea. Trata-se de uma receita de cerca de 30 milh\u00f5es de euros.<\/p>\n","protected":false},"excerpt":{"rendered":"Frederico Varandas, Rui Costa, Andr\u00e9 Villas-Boas e Ant\u00f3nio Salvador estiveram esta sexta-feira na Cidade do Futebol, para uma&hellip;\n","protected":false},"author":2,"featured_media":160083,"comment_status":"","ping_status":"","sticky":false,"template":"","format":"standard","meta":{"footnotes":""},"categories":[87],"tags":[3073,19562,51,135,282,26650,1664,36,46,5561,32,33979,33,47,6058,1233,34,134,16321,3042],"class_list":{"0":"post-160082","1":"post","2":"type-post","3":"status-publish","4":"format-standard","5":"has-post-thumbnail","7":"category-desporto","8":"tag-andre-villas-boas","9":"tag-antonio-salvador","10":"tag-benfica","11":"tag-desporto","12":"tag-fc-porto","13":"tag-federacao","14":"tag-frederico-varandas","15":"tag-liga","16":"tag-maisfutebol","17":"tag-pedro-proenca","18":"tag-portugal","19":"tag-proenca","20":"tag-pt","21":"tag-pura-paixao","22":"tag-rui-costa","23":"tag-sp-braga","24":"tag-sporting","25":"tag-sports","26":"tag-varandas","27":"tag-villas-boas"},"share_on_mastodon":{"url":"https:\/\/pubeurope.com\/@pt\/115588183203747810","error":""},"_links":{"self":[{"href":"https:\/\/www.europesays.com\/pt\/wp-json\/wp\/v2\/posts\/160082","targetHints":{"allow":["GET"]}}],"collection":[{"href":"https:\/\/www.europesays.com\/pt\/wp-json\/wp\/v2\/posts"}],"about":[{"href":"https:\/\/www.europesays.com\/pt\/wp-json\/wp\/v2\/types\/post"}],"author":[{"embeddable":true,"href":"https:\/\/www.europesays.com\/pt\/wp-json\/wp\/v2\/users\/2"}],"replies":[{"embeddable":true,"href":"https:\/\/www.europesays.com\/pt\/wp-json\/wp\/v2\/comments?post=160082"}],"version-history":[{"count":0,"href":"https:\/\/www.europesays.com\/pt\/wp-json\/wp\/v2\/posts\/160082\/revisions"}],"wp:featuredmedia":[{"embeddable":true,"href":"https:\/\/www.europesays.com\/pt\/wp-json\/wp\/v2\/media\/160083"}],"wp:attachment":[{"href":"https:\/\/www.europesays.com\/pt\/wp-json\/wp\/v2\/media?parent=160082"}],"wp:term":[{"taxonomy":"category","embeddable":true,"href":"https:\/\/www.europesays.com\/pt\/wp-json\/wp\/v2\/categories?post=160082"},{"taxonomy":"post_tag","embeddable":true,"href":"https:\/\/www.europesays.com\/pt\/wp-json\/wp\/v2\/tags?post=160082"}],"curies":[{"name":"wp","href":"https:\/\/api.w.org\/{rel}","templated":true}]}}