{"id":160084,"date":"2025-11-21T14:34:12","date_gmt":"2025-11-21T14:34:12","guid":{"rendered":"https:\/\/www.europesays.com\/pt\/160084\/"},"modified":"2025-11-21T14:34:12","modified_gmt":"2025-11-21T14:34:12","slug":"prefeitura-municipal-de-pelotas-9","status":"publish","type":"post","link":"https:\/\/www.europesays.com\/pt\/160084\/","title":{"rendered":"Prefeitura Municipal de Pelotas"},"content":{"rendered":"<p>N\u00famero oficial \u00e9 o mesmo dos \u00faltimos 15 dias \u2013 55 confirmados<\/p>\n<p>                            Por <b>T\u00e2nia Magalh\u00e3es<\/b><\/p>\n<p>                            21-11-2025 | 11:19:42<\/p>\n<p>\n                        <strong>Tags:<\/strong><br \/>\n                                                    atualiza\u00e7\u00e3o dengue\n                                            <\/p>\n<p dir=\"auto\">Nas \u00faltimas duas semanas,<strong> Pelotas se mant\u00e9m com 55 casos confirmados de dengue<\/strong>, a contar de janeiro, de acordo com dados divulgados pelo Sistema de Informa\u00e7\u00e3o de Agravos de Notifica\u00e7\u00e3o (Sinan), do Minist\u00e9rio da Sa\u00fade, na quarta-feira (19) \u00e0s 8h30min. H\u00e1 um paciente hospitalizado e o munic\u00edpio n\u00e3o registra \u00f3bitos decorrentes da doen\u00e7a.<\/p>\n<p dir=\"auto\">A Vigil\u00e2ncia em Sa\u00fade da Secretaria Municipal de Sa\u00fade informa que, desde o in\u00edcio do ano, 476 suspeitas de dengue j\u00e1 foram descartadas, enquanto 23 permanecem em investiga\u00e7\u00e3o. Dos 55 casos confirmados, em 38 a dengue foi contra\u00edda em Pelotas e 17 s\u00e3o referentes a pessoas que viajaram e voltaram infectadas.\u00a0\u00a0<\/p>\n<p dir=\"auto\">A campanha de combate ao Aedes aegypti, mosquito transmissor da dengue, prossegue no munic\u00edpio com atua\u00e7\u00e3o de diversas frentes. Agentes continuam com visitas de fiscaliza\u00e7\u00e3o e orienta\u00e7\u00e3o em resid\u00eancias e estabelecimentos, para que seja evitada a forma\u00e7\u00e3o de novos focos, enquanto segue a aplica\u00e7\u00e3o de produto qu\u00edmico em ruas, \u00e1reas p\u00fablicas, moradias e pr\u00e9dios.<\/p>\n<p dir=\"auto\">Durante o ano, foram encontrados 662 focos no bairro Fragata, 382 nas Tr\u00eas Vendas, 167 no Centro, 159 no Areal, 89 na Barragem, 71 no Laranjal e 64 no S\u00e3o Gon\u00e7alo.<\/p>\n<p>\n                        Not\u00edcias Relacionadas\n                    <\/p>\n<p>                                        <img decoding=\"async\" alt=\"Mercado Central conta com atividades do Dia Nacional de Combate a Dengue\" src=\"https:\/\/www.europesays.com\/pt\/wp-content\/uploads\/2025\/11\/df6fdd0576dc709bf141f2bda020dcf38f5027e1.jpeg\" class=\"card-img-top p-2\" style=\"border-radius: 15px\"\/><\/p>\n<p class=\"card-text fw-bold text-center\">\n                                                Mercado Central conta com atividades do Dia Nacional de Combate a Dengue\n                                            <\/p>\n<p>                                        <img decoding=\"async\" alt=\"UBSs compartilhadas com universidades n\u00e3o abrem sexta-feira\" src=\"https:\/\/www.europesays.com\/pt\/wp-content\/uploads\/2025\/11\/9ee556b62118a3095a7d62d2fc67296170483e03.jpg\" class=\"card-img-top p-2\" style=\"border-radius: 15px\"\/><\/p>\n<p class=\"card-text fw-bold text-center\">\n                                                UBSs compartilhadas com universidades n\u00e3o abrem sexta-feira\n                                            <\/p>\n<p>                                        <img decoding=\"async\" alt=\"Receitu\u00e1rio especial ter\u00e1 hor\u00e1rio limitado de 25 a 27 deste m\u00eas\" src=\"https:\/\/www.europesays.com\/pt\/wp-content\/uploads\/2025\/11\/2ce1ce21d7afde7deb4e2ef5c5868446296d62a1.jpeg\" class=\"card-img-top p-2\" style=\"border-radius: 15px\"\/><\/p>\n<p class=\"card-text fw-bold text-center\">\n                                                Receitu\u00e1rio especial ter\u00e1 hor\u00e1rio limitado de 25 a 27 deste m\u00eas\n                                            <\/p>\n<p>                                        <img decoding=\"async\" alt=\"Trailer da Vacina estar\u00e1 no Parque da Baronesa\" src=\"https:\/\/www.europesays.com\/pt\/wp-content\/uploads\/2025\/11\/10371d0ca9cba433c9541ed24e4c2701d7a769ec.jpg\" class=\"card-img-top p-2\" style=\"border-radius: 15px\"\/><\/p>\n<p class=\"card-text fw-bold text-center\">\n                                                Trailer da Vacina estar\u00e1 no Parque da Baronesa\n                                            <\/p>\n","protected":false},"excerpt":{"rendered":"N\u00famero oficial \u00e9 o mesmo dos \u00faltimos 15 dias \u2013 55 confirmados Por T\u00e2nia Magalh\u00e3es 21-11-2025 | 11:19:42&hellip;\n","protected":false},"author":2,"featured_media":160085,"comment_status":"","ping_status":"","sticky":false,"template":"","format":"standard","meta":{"footnotes":""},"categories":[86],"tags":[116,32,33,117],"class_list":{"0":"post-160084","1":"post","2":"type-post","3":"status-publish","4":"format-standard","5":"has-post-thumbnail","7":"category-saude","8":"tag-health","9":"tag-portugal","10":"tag-pt","11":"tag-saude"},"share_on_mastodon":{"url":"https:\/\/pubeurope.com\/@pt\/115588187738738196","error":""},"_links":{"self":[{"href":"https:\/\/www.europesays.com\/pt\/wp-json\/wp\/v2\/posts\/160084","targetHints":{"allow":["GET"]}}],"collection":[{"href":"https:\/\/www.europesays.com\/pt\/wp-json\/wp\/v2\/posts"}],"about":[{"href":"https:\/\/www.europesays.com\/pt\/wp-json\/wp\/v2\/types\/post"}],"author":[{"embeddable":true,"href":"https:\/\/www.europesays.com\/pt\/wp-json\/wp\/v2\/users\/2"}],"replies":[{"embeddable":true,"href":"https:\/\/www.europesays.com\/pt\/wp-json\/wp\/v2\/comments?post=160084"}],"version-history":[{"count":0,"href":"https:\/\/www.europesays.com\/pt\/wp-json\/wp\/v2\/posts\/160084\/revisions"}],"wp:featuredmedia":[{"embeddable":true,"href":"https:\/\/www.europesays.com\/pt\/wp-json\/wp\/v2\/media\/160085"}],"wp:attachment":[{"href":"https:\/\/www.europesays.com\/pt\/wp-json\/wp\/v2\/media?parent=160084"}],"wp:term":[{"taxonomy":"category","embeddable":true,"href":"https:\/\/www.europesays.com\/pt\/wp-json\/wp\/v2\/categories?post=160084"},{"taxonomy":"post_tag","embeddable":true,"href":"https:\/\/www.europesays.com\/pt\/wp-json\/wp\/v2\/tags?post=160084"}],"curies":[{"name":"wp","href":"https:\/\/api.w.org\/{rel}","templated":true}]}}