{"id":160088,"date":"2025-11-21T14:39:23","date_gmt":"2025-11-21T14:39:23","guid":{"rendered":"https:\/\/www.europesays.com\/pt\/160088\/"},"modified":"2025-11-21T14:39:23","modified_gmt":"2025-11-21T14:39:23","slug":"parecia-um-lanca-chamas-homem-morre-em-incendio-num-predio-de-mira-sintra-jornal-de-noticias","status":"publish","type":"post","link":"https:\/\/www.europesays.com\/pt\/160088\/","title":{"rendered":"&quot;Parecia um lan\u00e7a-chamas&quot;. Homem morre em inc\u00eandio num pr\u00e9dio de Mira Sintra &#8211; Jornal de Not\u00edcias"},"content":{"rendered":"<ol>\n<li><a href=\"https:\/\/news.google.com\/rss\/articles\/CBMi0AFBVV95cUxPZ3ZyNWFBM3FVam5sUHhuVl9xZ0Z2WFVONlZkcUJRMmtjcDlHM2hDYm1obDRSTTYwcU1Dd0prdkZZR3VDejFscmhXbkJ6V2xlbXB2US1EcjlfcGxzdUx5OUY0d18xUzhaWEhLVjZzY282SnNQWnNNOFVuMzhkSlhvOWR4bFhfd21MaTZ4MnkyNmFyQzdBRjB0b1hrSzRvMDhMR2sxTGMxc0FfdGF1eWRveWlYUlpVNVJHcGNWTkE5RlhJdmx2amVVMENPMmF0SDJP?oc=5\" target=\"_blank\" rel=\"nofollow noopener\">&#8220;Parecia um lan\u00e7a-chamas&#8221;. Homem morre em inc\u00eandio num pr\u00e9dio de Mira Sintra<\/a>&nbsp;&nbsp;Jornal de Not\u00edcias<\/li>\n<li><a href=\"https:\/\/news.google.com\/rss\/articles\/CBMikgFBVV95cUxPWUNyNjRDcEwzSEdmSXN6ckFBaUpFV2N0Rm1ycS1fakJnSk5VaWtjSFZraVgweC1QWUZiVWhqM082NFNzNkp1ZXQxUEZhY25ZOThaWHpHa01FLW9jZ1l3N09MSUxzQ1NsUklrODNOQ0xQR2UtUDlXLVk2aWROZ2FEbThmTlhfT3p2VU5WUDk3WW5ldw?oc=5\" target=\"_blank\" rel=\"nofollow noopener\">Inc\u00eandio em Mira-Sintra faz um morto e v\u00e1rios feridos<\/a>&nbsp;&nbsp;Euronews.com<\/li>\n<li><a href=\"https:\/\/news.google.com\/rss\/articles\/CBMilwFBVV95cUxQa0NnejJoTnFaV3JETmUtcTY3aHJKSUthUzhkcnVNRXg4TkRGM1JZOUFfaU5Eb0pwMFlaVm5wVVhmeFRuMUFpWlIzVWg1UUlCRGlBWWFUZDRhTUVtQmxxVmxfcmNVa3J0Sl8tVkVYTENiQk4wT21Sc1l2THROVkpZM2NvVWFLSGMtN3V0MW9hZXVySFlTV25Z?oc=5\" target=\"_blank\" rel=\"nofollow noopener\">07h Dia de greve na Fun\u00e7\u00e3o P\u00fablica<\/a>&nbsp;&nbsp;RTP<\/li>\n<li><a href=\"https:\/\/news.google.com\/rss\/articles\/CBMisgFBVV95cUxOdUo0V3J4dTRGTGNLa2NycVFySUpKMDNtUG5qQ0xHbmtHM3U3dDNRRXBCY1pQbVgyenZxUkR1STVuMkYwVXo4WnJGUktKMHpYMHk5UHlkZWxTS1YwWV9oSk82ZFpLR29RSmZKUVpXdlhuX0N4Q09UNXN4aFZRbFBMNzRvdHBhN21yS2hpVEtGakFuZ0Q5OG9FRVp1NWpLVERTZnBsRDd4eUFkVmJpVWRGUkVB?oc=5\" target=\"_blank\" rel=\"nofollow noopener\">Fogo em Sintra. &#8220;N\u00e3o tivemos mais v\u00edtimas devido aos bombeiros e PSP&#8221;<\/a>&nbsp;&nbsp;Not\u00edcias ao Minuto<\/li>\n<li><a href=\"https:\/\/news.google.com\/rss\/articles\/CBMiuAFBVV95cUxOTExFZHBpWGJfVEMweFF4QXJEM0ZMWHJUOHNpV1JPOEdxYkNyTGxFZGlmY0lrai1qZjFVdXlqOFd1dFlsaU1kY1g2WmdfM19zMWFGWEtVZWhXOUg2Q3RQTDB1YTlhenl5YkJsT0xod3FxQ0ZvWHNWV1RyR0NtWDdrRGI3ZFZQR05NZEpVclV2SE1QS2R5MWM3MDM2NFZ1cV9rbjE5MVR4SmZFb3Y3cGd4aFVVWlQxaVFK?oc=5\" target=\"_blank\" rel=\"nofollow noopener\">Extinto inc\u00eandio que matou homem de 76 anos em Mira-Sintra<\/a>&nbsp;&nbsp;CNN Portugal<\/li>\n<\/ol>\n","protected":false},"excerpt":{"rendered":"&#8220;Parecia um lan\u00e7a-chamas&#8221;. Homem morre em inc\u00eandio num pr\u00e9dio de Mira Sintra&nbsp;&nbsp;Jornal de Not\u00edcias Inc\u00eandio em Mira-Sintra faz&hellip;\n","protected":false},"author":2,"featured_media":160089,"comment_status":"","ping_status":"","sticky":false,"template":"","format":"standard","meta":{"footnotes":""},"categories":[10],"tags":[27,28,21359,15,16,3963,14,625,25,26,21,22,12,13,19,20,32,23,24,33,17,18,29,30,31],"class_list":{"0":"post-160088","1":"post","2":"type-post","3":"status-publish","4":"format-standard","5":"has-post-thumbnail","7":"category-portugal","8":"tag-breaking-news","9":"tag-breakingnews","10":"tag-concelho-sintra","11":"tag-featured-news","12":"tag-featurednews","13":"tag-fogo","14":"tag-headlines","15":"tag-incendio","16":"tag-latest-news","17":"tag-latestnews","18":"tag-main-news","19":"tag-mainnews","20":"tag-news","21":"tag-noticias","22":"tag-noticias-principais","23":"tag-noticiasprincipais","24":"tag-portugal","25":"tag-principais-noticias","26":"tag-principaisnoticias","27":"tag-pt","28":"tag-top-stories","29":"tag-topstories","30":"tag-ultimas","31":"tag-ultimas-noticias","32":"tag-ultimasnoticias"},"share_on_mastodon":{"url":"https:\/\/pubeurope.com\/@pt\/115588206735975336","error":""},"_links":{"self":[{"href":"https:\/\/www.europesays.com\/pt\/wp-json\/wp\/v2\/posts\/160088","targetHints":{"allow":["GET"]}}],"collection":[{"href":"https:\/\/www.europesays.com\/pt\/wp-json\/wp\/v2\/posts"}],"about":[{"href":"https:\/\/www.europesays.com\/pt\/wp-json\/wp\/v2\/types\/post"}],"author":[{"embeddable":true,"href":"https:\/\/www.europesays.com\/pt\/wp-json\/wp\/v2\/users\/2"}],"replies":[{"embeddable":true,"href":"https:\/\/www.europesays.com\/pt\/wp-json\/wp\/v2\/comments?post=160088"}],"version-history":[{"count":0,"href":"https:\/\/www.europesays.com\/pt\/wp-json\/wp\/v2\/posts\/160088\/revisions"}],"wp:featuredmedia":[{"embeddable":true,"href":"https:\/\/www.europesays.com\/pt\/wp-json\/wp\/v2\/media\/160089"}],"wp:attachment":[{"href":"https:\/\/www.europesays.com\/pt\/wp-json\/wp\/v2\/media?parent=160088"}],"wp:term":[{"taxonomy":"category","embeddable":true,"href":"https:\/\/www.europesays.com\/pt\/wp-json\/wp\/v2\/categories?post=160088"},{"taxonomy":"post_tag","embeddable":true,"href":"https:\/\/www.europesays.com\/pt\/wp-json\/wp\/v2\/tags?post=160088"}],"curies":[{"name":"wp","href":"https:\/\/api.w.org\/{rel}","templated":true}]}}