{"id":160094,"date":"2025-11-21T14:44:12","date_gmt":"2025-11-21T14:44:12","guid":{"rendered":"https:\/\/www.europesays.com\/pt\/160094\/"},"modified":"2025-11-21T14:44:12","modified_gmt":"2025-11-21T14:44:12","slug":"vera-anuncia-finalistas-da-casa-dos-segredos","status":"publish","type":"post","link":"https:\/\/www.europesays.com\/pt\/160094\/","title":{"rendered":"Vera &#8220;anuncia&#8221; finalistas da Casa dos Segredos"},"content":{"rendered":"<p>Vera esteve a responder a algumas perguntas dos f\u00e3s, esta sexta-feira, nas redes sociais.<\/p>\n<p>\u201c<strong>Quem \u00e9 que tu queres que sejam os finalistas e quem \u00e9 que achas que v\u00e3o ser?<\/strong>\u201c, quis saber algu\u00e9m.<\/p>\n<p>A <a href=\"https:\/\/www.instagram.com\/veraclaudiaoficial\/\" target=\"_blank\" rel=\"noopener nofollow\">ex-concorrente<\/a> da Casa dos Segredos, da TVI, deu a resposta, com a particularidade de deixar Dylan e In\u00eas de fora.<\/p>\n<p>\u201c<strong>Pedro, Leandro, Marisa Susana, Liliana e F\u00e1bio<\/strong>\u201c, apontou.<\/p>\n<p><strong>Leia tamb\u00e9m: <a href=\"https:\/\/www.atelevisao.com\/tvi\/vera-reage-as-palavras-da-mae-de-dylan-ate-o-meu-gloss-tem-mais-qualidade-que\/\" target=\"_blank\" rel=\"noopener nofollow\">Vera reage \u00e0s palavras da m\u00e3e de Dylan: \u201cAt\u00e9 o meu gloss tem mais qualidade que\u2026\u201d<\/a><\/strong><\/p>\n<p><script async src=\"\/\/www.instagram.com\/embed.js\"><\/script><\/p>\n","protected":false},"excerpt":{"rendered":"Vera esteve a responder a algumas perguntas dos f\u00e3s, esta sexta-feira, nas redes sociais. \u201cQuem \u00e9 que tu&hellip;\n","protected":false},"author":2,"featured_media":160095,"comment_status":"","ping_status":"","sticky":false,"template":"","format":"standard","meta":{"footnotes":""},"categories":[142],"tags":[114,115,32,33,151],"class_list":{"0":"post-160094","1":"post","2":"type-post","3":"status-publish","4":"format-standard","5":"has-post-thumbnail","7":"category-tv","8":"tag-entertainment","9":"tag-entretenimento","10":"tag-portugal","11":"tag-pt","12":"tag-tv"},"share_on_mastodon":{"url":"https:\/\/pubeurope.com\/@pt\/115588226613280641","error":""},"_links":{"self":[{"href":"https:\/\/www.europesays.com\/pt\/wp-json\/wp\/v2\/posts\/160094","targetHints":{"allow":["GET"]}}],"collection":[{"href":"https:\/\/www.europesays.com\/pt\/wp-json\/wp\/v2\/posts"}],"about":[{"href":"https:\/\/www.europesays.com\/pt\/wp-json\/wp\/v2\/types\/post"}],"author":[{"embeddable":true,"href":"https:\/\/www.europesays.com\/pt\/wp-json\/wp\/v2\/users\/2"}],"replies":[{"embeddable":true,"href":"https:\/\/www.europesays.com\/pt\/wp-json\/wp\/v2\/comments?post=160094"}],"version-history":[{"count":0,"href":"https:\/\/www.europesays.com\/pt\/wp-json\/wp\/v2\/posts\/160094\/revisions"}],"wp:featuredmedia":[{"embeddable":true,"href":"https:\/\/www.europesays.com\/pt\/wp-json\/wp\/v2\/media\/160095"}],"wp:attachment":[{"href":"https:\/\/www.europesays.com\/pt\/wp-json\/wp\/v2\/media?parent=160094"}],"wp:term":[{"taxonomy":"category","embeddable":true,"href":"https:\/\/www.europesays.com\/pt\/wp-json\/wp\/v2\/categories?post=160094"},{"taxonomy":"post_tag","embeddable":true,"href":"https:\/\/www.europesays.com\/pt\/wp-json\/wp\/v2\/tags?post=160094"}],"curies":[{"name":"wp","href":"https:\/\/api.w.org\/{rel}","templated":true}]}}