{"id":160096,"date":"2025-11-21T14:45:10","date_gmt":"2025-11-21T14:45:10","guid":{"rendered":"https:\/\/www.europesays.com\/pt\/160096\/"},"modified":"2025-11-21T14:45:10","modified_gmt":"2025-11-21T14:45:10","slug":"shawn-mendes-visita-terreiro-na-bahia-com-ivete-sangalo-web-reage","status":"publish","type":"post","link":"https:\/\/www.europesays.com\/pt\/160096\/","title":{"rendered":"Shawn Mendes visita terreiro na Bahia com Ivete Sangalo; web reage"},"content":{"rendered":"<p class=\"my-5 break-words group-[.isActiveSource]:text-xl\">Ap\u00f3s desembarcar no Brasil para a cerim\u00f4nia do pr\u00eamio de sustentabilidade promovido por <strong class=\"group-[.isActiveSource]:text-xl group-[.isActiveSource]:font-bold\">Pr\u00edncipe William<\/strong>, o cantor <strong class=\"group-[.isActiveSource]:text-xl group-[.isActiveSource]:font-bold\">Shawn Mendes<\/strong>, 27, estendeu a estadia no pa\u00eds e rapidamente virou destaque nas redes sociais.<\/p>\n<p class=\"my-5 break-words group-[.isActiveSource]:text-xl\">Depois de alguns dias em terras cariocas, ele partiu para Salvador, na Bahia, se hospedando na casa de <a href=\"https:\/\/www.cnnbrasil.com.br\/entretenimento\/shawn-mendes-e-filho-de-ivete-posam-em-foto-na-casa-da-artista-em-salvador\/\" target=\"_blank\" rel=\"noopener noreferrer nofollow\" class=\"text-red-600 underline hover:text-red-500 font-medium break-words group-[.isActiveSource]:text-xl\">Ivete Sangalo<\/a>. A cantora, ent\u00e3o, aproveitou o momento para apresentar a ele alguns pontos tur\u00edsticos da cidade, <a href=\"https:\/\/www.cnnbrasil.com.br\/entretenimento\/shawn-mendes-invade-ensaio-de-brown-com-ivete-sangalo-veja\/\" target=\"_blank\" rel=\"noopener noreferrer nofollow\" class=\"text-red-600 underline hover:text-red-500 font-medium break-words group-[.isActiveSource]:text-xl\">participaram de um ensaio com Carlinhos Brown<\/a> e <a href=\"https:\/\/www.cnnbrasil.com.br\/entretenimento\/ivete-sangalo-grava-com-shawn-mendes-na-gamboa-na-bahia\/\" target=\"_blank\" rel=\"noopener noreferrer nofollow\" class=\"text-red-600 underline hover:text-red-500 font-medium break-words group-[.isActiveSource]:text-xl\">passearam de barco pela Ba\u00eda de Todos-os-Santos<\/a>.<\/p>\n<p class=\"my-5 break-words group-[.isActiveSource]:text-xl\">\u00a0<\/p>\n<p class=\"my-5 break-words group-[.isActiveSource]:text-xl\">Recentemente, a baiana tamb\u00e9m o levou a um terreiro de religi\u00e3o de matriz africana. A presen\u00e7a do artista no local, considerado sagrado, rapidamente viralizou no X, antigo Twitter.\u00a0Por l\u00e1, f\u00e3s e internautas reagiram \u00e0 cena. Confira:<\/p>\n<blockquote class=\"twitter-tweet !mx-auto\">\n<p dir=\"ltr\" lang=\"pt\" class=\"my-5 break-words group-[.isActiveSource]:text-xl\">Shawn Mendes e Ivete Sangalo em um terreiro hoje em Salvador <a href=\"https:\/\/t.co\/BpSsPlb5ux\" class=\"text-red-600 underline hover:text-red-500 font-medium break-words group-[.isActiveSource]:text-xl\" target=\"_blank\" rel=\"noopener noreferrer nofollow\">pic.twitter.com\/BpSsPlb5ux<\/a><\/p>\n<p class=\"my-5 break-words group-[.isActiveSource]:text-xl\">\u2014 Shawn Mendes Brasil (@ShawnMendesBRA) <a href=\"https:\/\/twitter.com\/ShawnMendesBRA\/status\/1991663862353891373?ref_src=twsrc%5Etfw\" class=\"text-red-600 underline hover:text-red-500 font-medium break-words group-[.isActiveSource]:text-xl\" target=\"_blank\" rel=\"noopener noreferrer nofollow\">November 21, 2025<\/a><\/p>\n<\/blockquote>\n<blockquote class=\"twitter-tweet !mx-auto\">\n<p dir=\"ltr\" lang=\"pt\" class=\"my-5 break-words group-[.isActiveSource]:text-xl\">gente eu n\u00e3o sei mais O QUE esperar <a href=\"https:\/\/t.co\/lJgSLJQZwo\" class=\"text-red-600 underline hover:text-red-500 font-medium break-words group-[.isActiveSource]:text-xl\" target=\"_blank\" rel=\"noopener noreferrer nofollow\">https:\/\/t.co\/lJgSLJQZwo<\/a><\/p>\n<p class=\"my-5 break-words group-[.isActiveSource]:text-xl\">\u2014 acervo shawn mendes (@acervoshwn) <a href=\"https:\/\/twitter.com\/acervoshwn\/status\/1991662528070348946?ref_src=twsrc%5Etfw\" class=\"text-red-600 underline hover:text-red-500 font-medium break-words group-[.isActiveSource]:text-xl\" target=\"_blank\" rel=\"noopener noreferrer nofollow\">November 21, 2025<\/a><\/p>\n<\/blockquote>\n<blockquote class=\"twitter-tweet !mx-auto\">\n<p dir=\"ltr\" lang=\"pt\" class=\"my-5 break-words group-[.isActiveSource]:text-xl\">imagina voc\u00ea ir pro terreiro incorporar e o Shawn Mendes e a Ivete Sangalo te olhando<\/p>\n<p class=\"my-5 break-words group-[.isActiveSource]:text-xl\">\u2014 kona (@knjrx) <a href=\"https:\/\/twitter.com\/knjrx\/status\/1991839832851784037?ref_src=twsrc%5Etfw\" class=\"text-red-600 underline hover:text-red-500 font-medium break-words group-[.isActiveSource]:text-xl\" target=\"_blank\" rel=\"noopener noreferrer nofollow\">November 21, 2025<\/a><\/p>\n<\/blockquote>\n<blockquote class=\"twitter-tweet !mx-auto\">\n<p dir=\"ltr\" lang=\"pt\" class=\"my-5 break-words group-[.isActiveSource]:text-xl\">Gente eu nunca liguei muito pro Shawn Mendes mas o cara est\u00e1 experienciando todo tipo de cultura brasileira poss\u00edvel<br \/>At\u00e9 pra um terreiro ele j\u00e1 foi<br \/>Me sinto na obriga\u00e7\u00e3o de ser f\u00e3 dele agora<\/p>\n<p class=\"my-5 break-words group-[.isActiveSource]:text-xl\">\u2014 Bia|Hexatombe\ud83e\ude78 (@bea_costa19) <a href=\"https:\/\/twitter.com\/bea_costa19\/status\/1991839115298664812?ref_src=twsrc%5Etfw\" class=\"text-red-600 underline hover:text-red-500 font-medium break-words group-[.isActiveSource]:text-xl\" target=\"_blank\" rel=\"noopener noreferrer nofollow\">November 21, 2025<\/a><\/p>\n<\/blockquote>\n<blockquote class=\"twitter-tweet !mx-auto\">\n<p dir=\"ltr\" lang=\"pt\" class=\"my-5 break-words group-[.isActiveSource]:text-xl\">Medo de encontrar shawn mendes indo trabalhar no 371 pra pra\u00e7a seca kkkkkkk<\/p>\n<p class=\"my-5 break-words group-[.isActiveSource]:text-xl\">\u2014 Ster (@sterrsilv) <a href=\"https:\/\/twitter.com\/sterrsilv\/status\/1991837122429681756?ref_src=twsrc%5Etfw\" class=\"text-red-600 underline hover:text-red-500 font-medium break-words group-[.isActiveSource]:text-xl\" target=\"_blank\" rel=\"noopener noreferrer nofollow\">November 21, 2025<\/a><\/p>\n<\/blockquote>\n<p><script async src=\"https:\/\/platform.twitter.com\/widgets.js\" charset=\"utf-8\"><\/script><\/p>\n","protected":false},"excerpt":{"rendered":"Ap\u00f3s desembarcar no Brasil para a cerim\u00f4nia do pr\u00eamio de sustentabilidade promovido por Pr\u00edncipe William, o cantor Shawn&hellip;\n","protected":false},"author":2,"featured_media":160097,"comment_status":"","ping_status":"","sticky":false,"template":"","format":"standard","meta":{"footnotes":""},"categories":[141],"tags":[114,115,149,150,32,33],"class_list":{"0":"post-160096","1":"post","2":"type-post","3":"status-publish","4":"format-standard","5":"has-post-thumbnail","7":"category-musica","8":"tag-entertainment","9":"tag-entretenimento","10":"tag-music","11":"tag-musica","12":"tag-portugal","13":"tag-pt"},"share_on_mastodon":{"url":"https:\/\/pubeurope.com\/@pt\/115588230314990708","error":""},"_links":{"self":[{"href":"https:\/\/www.europesays.com\/pt\/wp-json\/wp\/v2\/posts\/160096","targetHints":{"allow":["GET"]}}],"collection":[{"href":"https:\/\/www.europesays.com\/pt\/wp-json\/wp\/v2\/posts"}],"about":[{"href":"https:\/\/www.europesays.com\/pt\/wp-json\/wp\/v2\/types\/post"}],"author":[{"embeddable":true,"href":"https:\/\/www.europesays.com\/pt\/wp-json\/wp\/v2\/users\/2"}],"replies":[{"embeddable":true,"href":"https:\/\/www.europesays.com\/pt\/wp-json\/wp\/v2\/comments?post=160096"}],"version-history":[{"count":0,"href":"https:\/\/www.europesays.com\/pt\/wp-json\/wp\/v2\/posts\/160096\/revisions"}],"wp:featuredmedia":[{"embeddable":true,"href":"https:\/\/www.europesays.com\/pt\/wp-json\/wp\/v2\/media\/160097"}],"wp:attachment":[{"href":"https:\/\/www.europesays.com\/pt\/wp-json\/wp\/v2\/media?parent=160096"}],"wp:term":[{"taxonomy":"category","embeddable":true,"href":"https:\/\/www.europesays.com\/pt\/wp-json\/wp\/v2\/categories?post=160096"},{"taxonomy":"post_tag","embeddable":true,"href":"https:\/\/www.europesays.com\/pt\/wp-json\/wp\/v2\/tags?post=160096"}],"curies":[{"name":"wp","href":"https:\/\/api.w.org\/{rel}","templated":true}]}}