{"id":160098,"date":"2025-11-21T14:46:10","date_gmt":"2025-11-21T14:46:10","guid":{"rendered":"https:\/\/www.europesays.com\/pt\/160098\/"},"modified":"2025-11-21T14:46:10","modified_gmt":"2025-11-21T14:46:10","slug":"assista-as-vesperas-do-aniversario-de-48-anos-de-vilhena-documentario-resgata-a-historia-da-maior-cidade-do-cone-sul-de-rondonia","status":"publish","type":"post","link":"https:\/\/www.europesays.com\/pt\/160098\/","title":{"rendered":"ASSISTA: \u00e0s v\u00e9speras do anivers\u00e1rio de 48 anos de Vilhena, document\u00e1rio resgata a hist\u00f3ria da maior cidade do Cone Sul de Rond\u00f4nia"},"content":{"rendered":"<p>                    \u00a0<br \/>\n<strong>Material foi produzido pela equipe de Comunica\u00e7\u00e3o da prefeitura<\/strong><br \/>\n\u00a0<br \/>\nExibido ontem, durante o show gospel da cantora Maria Mar\u00e7al, uma das tr\u00eas atra\u00e7\u00f5es contratadas para a celebrar o 48\u00ba anivers\u00e1rio de Vilhena, o document\u00e1rio que mostra o in\u00edcio do surgimento da maior cidade do Cone Sul de Rond\u00f4nia, teve seu primeiro epis\u00f3dio publicado nas redes sociais.<br \/>\n\u00a0<br \/>\nProduzido pela equipe de Comunica\u00e7\u00e3o da prefeitura, com o apoio da Funda\u00e7\u00e3o Cultural de Vilhena, o material traz depoimentos de antigos moradores, e revela detalhes de como o pequeno povoado que surgiu \u00e0s margens do rio Pires de S\u00e1 se transformou em pot\u00eancia econ\u00f4mica.<br \/>\n\u00a0<br \/>\nO trabalho demorou dois meses para ficar pronto, e foi dividido em tr\u00eas cap\u00edtulos. O objetivo do document\u00e1rio \u00e9 resgatar mem\u00f3rias perdidas, registradas pelos primeiros migrantes que chegaram nos prim\u00f3rdios da cidade, valorizando os pioneiros e incentivando as novas gera\u00e7\u00f5es.<br \/>\n\u00a0<br \/>\nO material registra a import\u00e2ncia do rio Pires de S\u00e1, cujas \u00e1guas abasteceram a cidade por muito tempo, no in\u00edcio da coloniza\u00e7\u00e3o, e que eram usadas pelas lend\u00e1rias lavadeiras daquele tempo de dificuldades.<br \/>\n\u00a0<br \/>\nCLIQUE ABAIXO e assista o primeiro epis\u00f3dio da s\u00e9rie.<\/p>\n<p>\u00a0\n                <\/p>\n","protected":false},"excerpt":{"rendered":"\u00a0 Material foi produzido pela equipe de Comunica\u00e7\u00e3o da prefeitura \u00a0 Exibido ontem, durante o show gospel da&hellip;\n","protected":false},"author":2,"featured_media":160099,"comment_status":"","ping_status":"","sticky":false,"template":"","format":"standard","meta":{"footnotes":""},"categories":[140],"tags":[34079,7894,996,10534,23284,22088,1300,34080,16362,1458,26598,1414,114,115,147,148,736,8519,146,32,33,11602,984,3284,34078,33006],"class_list":{"0":"post-160098","1":"post","2":"type-post","3":"status-publish","4":"format-standard","5":"has-post-thumbnail","7":"category-filmes","8":"tag-34079","9":"tag-a","10":"tag-aniversario","11":"tag-anos","12":"tag-as","13":"tag-assista","14":"tag-cidade","15":"tag-cone","16":"tag-da","17":"tag-de","18":"tag-do","19":"tag-documentario","20":"tag-entertainment","21":"tag-entretenimento","22":"tag-film","23":"tag-filmes","24":"tag-historia","25":"tag-maior","26":"tag-movies","27":"tag-portugal","28":"tag-pt","29":"tag-resgata","30":"tag-rondonia","31":"tag-sul","32":"tag-vesperas","33":"tag-vilhena"},"share_on_mastodon":{"url":"https:\/\/pubeurope.com\/@pt\/115588234321175928","error":""},"_links":{"self":[{"href":"https:\/\/www.europesays.com\/pt\/wp-json\/wp\/v2\/posts\/160098","targetHints":{"allow":["GET"]}}],"collection":[{"href":"https:\/\/www.europesays.com\/pt\/wp-json\/wp\/v2\/posts"}],"about":[{"href":"https:\/\/www.europesays.com\/pt\/wp-json\/wp\/v2\/types\/post"}],"author":[{"embeddable":true,"href":"https:\/\/www.europesays.com\/pt\/wp-json\/wp\/v2\/users\/2"}],"replies":[{"embeddable":true,"href":"https:\/\/www.europesays.com\/pt\/wp-json\/wp\/v2\/comments?post=160098"}],"version-history":[{"count":0,"href":"https:\/\/www.europesays.com\/pt\/wp-json\/wp\/v2\/posts\/160098\/revisions"}],"wp:featuredmedia":[{"embeddable":true,"href":"https:\/\/www.europesays.com\/pt\/wp-json\/wp\/v2\/media\/160099"}],"wp:attachment":[{"href":"https:\/\/www.europesays.com\/pt\/wp-json\/wp\/v2\/media?parent=160098"}],"wp:term":[{"taxonomy":"category","embeddable":true,"href":"https:\/\/www.europesays.com\/pt\/wp-json\/wp\/v2\/categories?post=160098"},{"taxonomy":"post_tag","embeddable":true,"href":"https:\/\/www.europesays.com\/pt\/wp-json\/wp\/v2\/tags?post=160098"}],"curies":[{"name":"wp","href":"https:\/\/api.w.org\/{rel}","templated":true}]}}