{"id":160114,"date":"2025-11-21T15:05:35","date_gmt":"2025-11-21T15:05:35","guid":{"rendered":"https:\/\/www.europesays.com\/pt\/160114\/"},"modified":"2025-11-21T15:05:35","modified_gmt":"2025-11-21T15:05:35","slug":"silvio-santos-vem-ai-cinema","status":"publish","type":"post","link":"https:\/\/www.europesays.com\/pt\/160114\/","title":{"rendered":"Silvio Santos Vem A\u00ed &#8211; Cinema"},"content":{"rendered":"<p>        <img decoding=\"async\" src=\"https:\/\/www.europesays.com\/pt\/wp-content\/uploads\/2025\/11\/1763737535_428_silvio-santos-vem-ai.jpg\" class=\"mainimg\" alt=\"\"\/><\/p>\n<p>Reprodu\u00e7\u00e3o | Paris Filmes<\/p>\n<p>            <strong>Classifica\u00e7\u00e3o:<\/strong> 12 anos<br \/><strong>Dura\u00e7\u00e3o:<\/strong> 91 minutos<strong>Dire\u00e7\u00e3o:<\/strong> Cris D\u2019Amato<br \/><strong>No elenco:<\/strong> Leandro Hassum, Manu Gavassi, Marcelo Laham, Regiane Alves, Gabriel Godoy, Hugo Bon\u00e8mer<strong class=\"flagyear\">\u00a0\ud83c\udde7\ud83c\uddf7 2025<\/strong>\n        <\/p>\n<p>Em 1989, Silvio Santos surpreendeu o pa\u00eds ao se candidatar \u00e0 presid\u00eancia. A jornalista Mar\u00edlia \u00e9 designada para investigar sua vida e prever poss\u00edveis ataques dos advers\u00e1rios. Embora seja um \u00edcone da TV, Silvio mant\u00e9m sua vida pessoal reservada. O conv\u00edvio entre Silvio e Mar\u00edlia gera embates e descobertas. Desse encontro, ambos sair\u00e3o transformados.<\/p>\n<p>                    <a href=\"#\" id=\"hor\"\/><br \/>\n                    \ud83c\udf7f Salas e hor\u00e1rios<br \/>\n                    &#13;<br \/>\n&#13;<br \/>\n&#13;<\/p>\n<p>            warning_amberOs hor\u00e1rios e pre\u00e7os podem ser alterados pelos cinemas sem aviso\n        <\/p>\n","protected":false},"excerpt":{"rendered":"Reprodu\u00e7\u00e3o | Paris Filmes Classifica\u00e7\u00e3o: 12 anosDura\u00e7\u00e3o: 91 minutosDire\u00e7\u00e3o: Cris D\u2019AmatoNo elenco: Leandro Hassum, Manu Gavassi, Marcelo Laham,&hellip;\n","protected":false},"author":2,"featured_media":160115,"comment_status":"","ping_status":"","sticky":false,"template":"","format":"standard","meta":{"footnotes":""},"categories":[140],"tags":[114,115,147,148,146,32,33],"class_list":{"0":"post-160114","1":"post","2":"type-post","3":"status-publish","4":"format-standard","5":"has-post-thumbnail","7":"category-filmes","8":"tag-entertainment","9":"tag-entretenimento","10":"tag-film","11":"tag-filmes","12":"tag-movies","13":"tag-portugal","14":"tag-pt"},"share_on_mastodon":{"url":"https:\/\/pubeurope.com\/@pt\/115588309287072206","error":""},"_links":{"self":[{"href":"https:\/\/www.europesays.com\/pt\/wp-json\/wp\/v2\/posts\/160114","targetHints":{"allow":["GET"]}}],"collection":[{"href":"https:\/\/www.europesays.com\/pt\/wp-json\/wp\/v2\/posts"}],"about":[{"href":"https:\/\/www.europesays.com\/pt\/wp-json\/wp\/v2\/types\/post"}],"author":[{"embeddable":true,"href":"https:\/\/www.europesays.com\/pt\/wp-json\/wp\/v2\/users\/2"}],"replies":[{"embeddable":true,"href":"https:\/\/www.europesays.com\/pt\/wp-json\/wp\/v2\/comments?post=160114"}],"version-history":[{"count":0,"href":"https:\/\/www.europesays.com\/pt\/wp-json\/wp\/v2\/posts\/160114\/revisions"}],"wp:featuredmedia":[{"embeddable":true,"href":"https:\/\/www.europesays.com\/pt\/wp-json\/wp\/v2\/media\/160115"}],"wp:attachment":[{"href":"https:\/\/www.europesays.com\/pt\/wp-json\/wp\/v2\/media?parent=160114"}],"wp:term":[{"taxonomy":"category","embeddable":true,"href":"https:\/\/www.europesays.com\/pt\/wp-json\/wp\/v2\/categories?post=160114"},{"taxonomy":"post_tag","embeddable":true,"href":"https:\/\/www.europesays.com\/pt\/wp-json\/wp\/v2\/tags?post=160114"}],"curies":[{"name":"wp","href":"https:\/\/api.w.org\/{rel}","templated":true}]}}