{"id":160120,"date":"2025-11-21T15:11:10","date_gmt":"2025-11-21T15:11:10","guid":{"rendered":"https:\/\/www.europesays.com\/pt\/160120\/"},"modified":"2025-11-21T15:11:10","modified_gmt":"2025-11-21T15:11:10","slug":"neandertais-praticavam-canibalismo-seletivo-de-mulheres-e-criancas-no-norte-da-europa","status":"publish","type":"post","link":"https:\/\/www.europesays.com\/pt\/160120\/","title":{"rendered":"Neandertais praticavam &#8220;canibalismo seletivo&#8221; de mulheres e crian\u00e7as no norte da Europa"},"content":{"rendered":"<p>As mulheres e crian\u00e7as Neandertais que viveram no Pleistoceno Superior, no norte da Europa, foram<strong> v\u00edtimas de &#8220;canibalismo altamente seletivo&#8221;<\/strong>, segundo um estudo conduzido por investigadores de Fran\u00e7a, B\u00e9lgica, Alemanha e Estados Unidos.<\/p>\n<p>A conclus\u00e3o foi retirada de<strong> an\u00e1lises a restos de esqueletos de Neandertais descobertos<\/strong> na terceira gruta do s\u00edtio arqueol\u00f3gico das <a href=\"https:\/\/beauxvillages.be\/en\/decouvertes\/caves-of-goyet\/\" target=\"_blank\" rel=\"noopener noreferrer nofollow\">Grutas de Goyet<\/a>, na B\u00e9lgica, datados entre h\u00e1 41 mil e 45 mil anos.<\/p>\n<p>Embora as pr\u00e1ticas canibais desta subesp\u00e9cie homin\u00eddea extinta sejam uma hip\u00f3tese j\u00e1 corroborada por evid\u00eancias encontradas noutros s\u00edtios, o <strong>s\u00edtio de Goyet \u00e9 singular por o canibalismo se ter centrado sobretudo nas mulheres adultas e nas crian\u00e7as.<\/strong><\/p>\n<p>&#8220;O perfil biol\u00f3gico das v\u00edtimas, identificado pela primeira vez, revela que pertenciam a um grupo externo \u00e0 comunidade, para a qual foram provavelmente levadas para serem consumidas como alimento, e n\u00e3o num contexto ritual\u00edstico&#8221;, destacou o<a href=\"https:\/\/www.cnrs.fr\/en\" target=\"_blank\" rel=\"noopener noreferrer nofollow\"> Centro Nacional Franc\u00eas de Investiga\u00e7\u00e3o Cient\u00edfica <\/a>(CNRS, na sigla em franc\u00eas), um dos participantes no estudo, num comunicado de imprensa divulgado na quinta-feira e citado pela <a href=\"https:\/\/efe.com\/pt-br\/\" target=\"_blank\" rel=\"noopener noreferrer nofollow\">Efe.<\/a><\/p>\n<p>Isto \u00e9 sugerido pela &#8220;presen\u00e7a de restos mortais semelhantes aos encontrados nos ossos de animais consumidos pelos habitantes do s\u00edtio arqueol\u00f3gico de Goyet&#8221;, explicaram as fontes.<\/p>\n<p>O estudo, publicado na quarta-feira na revista <a href=\"https:\/\/www.nature.com\/srep\/\" target=\"_blank\" rel=\"noopener noreferrer nofollow\">&#8220;Scientific Reports&#8221;<\/a>, contextualiza estas an\u00e1lises no final do Paleol\u00edtico M\u00e9dio, per\u00edodo que, no norte da Europa, se caracterizou por uma grande diversidade cultural entre os grupos Neandertais e pela presen\u00e7a emergente do Homo sapiens.<\/p>\n<p>Sugere que estas formas de canibalismo podem ser um sintoma de <strong>&#8220;tens\u00f5es territoriais&#8221;<\/strong>.<\/p>\n<p>Antecedem diretamente <strong>&#8220;o desaparecimento dos Neandertais na regi\u00e3o&#8221;<\/strong>, observou o CNRS, no comunicado.<\/p>\n<p>&#8220;Estas conclus\u00f5es baseiam-se em dez anos de investiga\u00e7\u00e3o que envolveram uma reavalia\u00e7\u00e3o da cole\u00e7\u00e3o de Goyet atrav\u00e9s de an\u00e1lise de ADN, data\u00e7\u00e3o por radiocarbono, medi\u00e7\u00f5es isot\u00f3picas para determinar a origem geogr\u00e1fica dos indiv\u00edduos e reconstru\u00e7\u00f5es virtuais que permitem a an\u00e1lise morfol\u00f3gica destes ossos humanos, por vezes muito fragmentados&#8221;, especificaram os autores do estudo.<\/p>\n","protected":false},"excerpt":{"rendered":"As mulheres e crian\u00e7as Neandertais que viveram no Pleistoceno Superior, no norte da Europa, foram v\u00edtimas de &#8220;canibalismo&hellip;\n","protected":false},"author":2,"featured_media":160121,"comment_status":"","ping_status":"","sticky":false,"template":"","format":"standard","meta":{"footnotes":""},"categories":[50],"tags":[27,28,15,16,14,25,26,21,22,62,12,13,19,20,23,24,17,18,29,30,31,63,64,65],"class_list":{"0":"post-160120","1":"post","2":"type-post","3":"status-publish","4":"format-standard","5":"has-post-thumbnail","7":"category-mundo","8":"tag-breaking-news","9":"tag-breakingnews","10":"tag-featured-news","11":"tag-featurednews","12":"tag-headlines","13":"tag-latest-news","14":"tag-latestnews","15":"tag-main-news","16":"tag-mainnews","17":"tag-mundo","18":"tag-news","19":"tag-noticias","20":"tag-noticias-principais","21":"tag-noticiasprincipais","22":"tag-principais-noticias","23":"tag-principaisnoticias","24":"tag-top-stories","25":"tag-topstories","26":"tag-ultimas","27":"tag-ultimas-noticias","28":"tag-ultimasnoticias","29":"tag-world","30":"tag-world-news","31":"tag-worldnews"},"share_on_mastodon":{"url":"https:\/\/pubeurope.com\/@pt\/115588332484251722","error":""},"_links":{"self":[{"href":"https:\/\/www.europesays.com\/pt\/wp-json\/wp\/v2\/posts\/160120","targetHints":{"allow":["GET"]}}],"collection":[{"href":"https:\/\/www.europesays.com\/pt\/wp-json\/wp\/v2\/posts"}],"about":[{"href":"https:\/\/www.europesays.com\/pt\/wp-json\/wp\/v2\/types\/post"}],"author":[{"embeddable":true,"href":"https:\/\/www.europesays.com\/pt\/wp-json\/wp\/v2\/users\/2"}],"replies":[{"embeddable":true,"href":"https:\/\/www.europesays.com\/pt\/wp-json\/wp\/v2\/comments?post=160120"}],"version-history":[{"count":0,"href":"https:\/\/www.europesays.com\/pt\/wp-json\/wp\/v2\/posts\/160120\/revisions"}],"wp:featuredmedia":[{"embeddable":true,"href":"https:\/\/www.europesays.com\/pt\/wp-json\/wp\/v2\/media\/160121"}],"wp:attachment":[{"href":"https:\/\/www.europesays.com\/pt\/wp-json\/wp\/v2\/media?parent=160120"}],"wp:term":[{"taxonomy":"category","embeddable":true,"href":"https:\/\/www.europesays.com\/pt\/wp-json\/wp\/v2\/categories?post=160120"},{"taxonomy":"post_tag","embeddable":true,"href":"https:\/\/www.europesays.com\/pt\/wp-json\/wp\/v2\/tags?post=160120"}],"curies":[{"name":"wp","href":"https:\/\/api.w.org\/{rel}","templated":true}]}}