{"id":160136,"date":"2025-11-21T15:32:19","date_gmt":"2025-11-21T15:32:19","guid":{"rendered":"https:\/\/www.europesays.com\/pt\/160136\/"},"modified":"2025-11-21T15:32:19","modified_gmt":"2025-11-21T15:32:19","slug":"dylan-revela-o-motivo-que-o-pode-levar-a-desistir-da-casa-dos-segredos","status":"publish","type":"post","link":"https:\/\/www.europesays.com\/pt\/160136\/","title":{"rendered":"Dylan revela o motivo que o pode levar a desistir da Casa dos Segredos"},"content":{"rendered":"<p>A tens\u00e3o atingiu um novo pico na <a href=\"https:\/\/www.atelevisao.com\/tag\/casa-dos-segredos\/\" data-type=\"post_tag\" data-id=\"3370\" rel=\"nofollow noopener\" target=\"_blank\">Casa dos Segredos<\/a> esta semana, com Dylan a revelar que est\u00e1 a perder o controlo. O concorrente assumiu sentir-se sufocado com o ambiente e at\u00e9 ponderar abandonar o jogo caso In\u00eas, com quem mant\u00e9m uma aproxima\u00e7\u00e3o evidente, venha a ser expulsa no domingo. <\/p>\n<ul class=\"toc-content h5\">\n<li><a href=\"#marisa-volta-a-ser-alvo-de-criticas-e-aponta-o-dedo-ao-proprio-grupo\" class=\"table-link no-link anchor-link\" data-index=\"rb-heading-index-0\">Marisa volta a ser alvo de cr\u00edticas e aponta o dedo ao pr\u00f3prio grupo<\/a><\/li>\n<li><a href=\"#confrontos-diretos-ines-em-risco-e-ana-enfrenta-pedro-jorge\" class=\"table-link no-link anchor-link\" data-index=\"rb-heading-index-1\">Confrontos diretos: In\u00eas em risco e Ana enfrenta Pedro Jorge<\/a><\/li>\n<\/ul>\n<p>Num desabafo carregado de frustra\u00e7\u00e3o, confessou: \u201cApetece-me dar um soco em alguma cena, meu\u201d. Ao longo do dia, mostrou-se saturado com discuss\u00f5es constantes e atitudes que considera provocat\u00f3rias, chegando a irritar-se com o barulho de Liliana e a comentar que lhe apetecia \u201cpartir-lhe os tac\u00f5es\u201d. Apesar do discurso impulsivo, no confession\u00e1rio reviu a posi\u00e7\u00e3o e garantiu que n\u00e3o desistir\u00e1 a um m\u00eas do final, embora todos percebam que a estabilidade emocional do concorrente est\u00e1 no limite.<\/p>\n<p><strong>Marisa volta a ser alvo de cr\u00edticas e aponta o dedo ao pr\u00f3prio grupo<\/strong><\/p>\n<p>Enquanto as tens\u00f5es aumentam na Casa dos Segredos, Marisa regressou ao centro da pol\u00e9mica e voltou a receber duras cr\u00edticas. A participante passou grande parte da tarde a comentar o comportamento dos colegas com outros membros da casa, mostrando-se desiludida com aquilo que considera ser um jogo pautado por provoca\u00e7\u00f5es e agressividade.<\/p>\n<p>Reclamou que, dentro da competi\u00e7\u00e3o, s\u00e3o privilegiados \u201ctodos os que fazem mais maldades\u201d, lamentando que o grupo que critica as suas escolhas procure control\u00e1-la. Sem rodeios, apontou tamb\u00e9m o nome de Leandro como um dos que, na sua opini\u00e3o, s\u00f3 se destaca \u201cnos diretos e nas galas\u201d. Apesar do tom cr\u00edtico, assegurou que n\u00e3o joga para ofender e que se sente pressionada por quem, dentro da casa, gostaria de a ver mais agressiva.<\/p>\n<p><strong>Confrontos diretos: In\u00eas em risco e Ana enfrenta Pedro Jorge<\/strong><\/p>\n<p>Com cinco concorrentes nomeados e a vota\u00e7\u00e3o a decorrer pela positiva, In\u00eas admitiu estar cansada e confessou a Dylan que j\u00e1 lhe \u201cfarta estar na casa\u201d. A revela\u00e7\u00e3o levou o colega a garantir, pelo menos no calor do momento, que abandonaria a Casa dos Segredos caso ela fosse expulsa: \u201cAchas que eu vou ficar aqui a aturar estes maluquinhos sozinho?\u201d.<\/p>\n<p>Ao mesmo tempo, outras rivalidades avan\u00e7am a passo acelerado. Na tarde de quinta-feira, a rela\u00e7\u00e3o entre Ana e Pedro Jorge voltou a aquecer durante uma din\u00e2mica do programa. O concorrente da Casa dos Segredos acusou a colega de exibir \u201cgrande moral\u201d desde a expuls\u00e3o de Ana Cristina, provoca\u00e7\u00e3o \u00e0 qual Ana respondeu sem hesitar. A concorrente criticou a estrat\u00e9gia do advers\u00e1rio, acusando-o de estar a viver \u00e0 boleia dos avi\u00f5es enviados pelo exterior e atirou-lhe: \u201cAcha que \u00e9 o maior e que vai chegar \u00e0 final! Mas que jogo \u00e9 que tu tens?\u201d. A troca de farpas terminou com Ana a chamar-lhe \u201cperdidinho\u201d, elevando ainda mais a fasquia da tens\u00e3o que se vive na casa nesta reta final.<\/p>\n","protected":false},"excerpt":{"rendered":"A tens\u00e3o atingiu um novo pico na Casa dos Segredos esta semana, com Dylan a revelar que est\u00e1&hellip;\n","protected":false},"author":2,"featured_media":160137,"comment_status":"","ping_status":"","sticky":false,"template":"","format":"standard","meta":{"footnotes":""},"categories":[142],"tags":[114,115,32,33,151],"class_list":{"0":"post-160136","1":"post","2":"type-post","3":"status-publish","4":"format-standard","5":"has-post-thumbnail","7":"category-tv","8":"tag-entertainment","9":"tag-entretenimento","10":"tag-portugal","11":"tag-pt","12":"tag-tv"},"share_on_mastodon":{"url":"https:\/\/pubeurope.com\/@pt\/115588415124403163","error":""},"_links":{"self":[{"href":"https:\/\/www.europesays.com\/pt\/wp-json\/wp\/v2\/posts\/160136","targetHints":{"allow":["GET"]}}],"collection":[{"href":"https:\/\/www.europesays.com\/pt\/wp-json\/wp\/v2\/posts"}],"about":[{"href":"https:\/\/www.europesays.com\/pt\/wp-json\/wp\/v2\/types\/post"}],"author":[{"embeddable":true,"href":"https:\/\/www.europesays.com\/pt\/wp-json\/wp\/v2\/users\/2"}],"replies":[{"embeddable":true,"href":"https:\/\/www.europesays.com\/pt\/wp-json\/wp\/v2\/comments?post=160136"}],"version-history":[{"count":0,"href":"https:\/\/www.europesays.com\/pt\/wp-json\/wp\/v2\/posts\/160136\/revisions"}],"wp:featuredmedia":[{"embeddable":true,"href":"https:\/\/www.europesays.com\/pt\/wp-json\/wp\/v2\/media\/160137"}],"wp:attachment":[{"href":"https:\/\/www.europesays.com\/pt\/wp-json\/wp\/v2\/media?parent=160136"}],"wp:term":[{"taxonomy":"category","embeddable":true,"href":"https:\/\/www.europesays.com\/pt\/wp-json\/wp\/v2\/categories?post=160136"},{"taxonomy":"post_tag","embeddable":true,"href":"https:\/\/www.europesays.com\/pt\/wp-json\/wp\/v2\/tags?post=160136"}],"curies":[{"name":"wp","href":"https:\/\/api.w.org\/{rel}","templated":true}]}}