{"id":160142,"date":"2025-11-21T15:35:12","date_gmt":"2025-11-21T15:35:12","guid":{"rendered":"https:\/\/www.europesays.com\/pt\/160142\/"},"modified":"2025-11-21T15:35:12","modified_gmt":"2025-11-21T15:35:12","slug":"nao-consegues-dormir-porque-as-pessoas-matam-se-magoam-se-a-si-proprias-enlouquecem","status":"publish","type":"post","link":"https:\/\/www.europesays.com\/pt\/160142\/","title":{"rendered":"\u201cN\u00e3o consegues dormir porque as pessoas matam-se, magoam-se a si pr\u00f3prias, enlouquecem\u201d"},"content":{"rendered":"<p>Foram oito meses, entre abril e dezembro de 2022. Boris Becker, no seu tempo um prodigioso tenista que aos 17 anos, em 1985, ganhou o primeiro de tr\u00eas t\u00edtulos em Wimbledon, foi preso depois de um p\u00f3s-carreira turbulento, entre problemas pessoais e aventuras financeiras que correram mal.<\/p>\n<p>Em 2017, o ex-tenista alem\u00e3o declarou-se insolvente e foi obrigado a leiloar o seu esp\u00f3lio de ta\u00e7as e distin\u00e7\u00f5es arrecadadas ao longo de uma proveitosa carreira, em que venceu 49 t\u00edtulos, entre eles seis em torneios do Grand Slam. Foi este processo que, eventualmente, levaria \u00e0 sua condena\u00e7\u00e3o e pris\u00e3o, depois de um tribunal de Londres ter dado como provado que Becker havia n\u00e3o declarado ativos e trof\u00e9us no valor de quase tr\u00eas milh\u00f5es de euros para evitar pagar a credores. Foi ent\u00e3o condenado a 30 meses de pris\u00e3o, dos quais acabaria por cumprir apenas oito em duas cadeias em Inglaterra.<\/p>\n<p>\u00c9 sobre essa experi\u00eancia na pris\u00e3o que Boris Becker fala no seu novo livro, de nome \u201cInside\u201d (\u201cDentro\u201d, em portugu\u00eas). Em entrevista ao \u201cGuardian\u201d, o antigo n\u00famero um mundial e campe\u00e3o ol\u00edmpico em 1992, sublinhou que o tempo em que esteve encarcerado foi duro, mas que serviu para tomar consci\u00eancia e responsabilidade dos crimes que cometeu, garantindo que, neste momento, vive uma vida tranquila, longe dos altos e baixos de outrora.<\/p>\n<p>\u201cQuem diz que a vida na pris\u00e3o \u00e9 f\u00e1cil est\u00e1 a mentir. \u00c9 um verdadeiro castigo\u201d, apontou o germ\u00e2nico de 57 anos, que come\u00e7ou por cumprir pena na pris\u00e3o de Wandsworth, curiosamente a poucos quil\u00f3metros de Wimbledon, onde se fez mito no t\u00e9nis. Sonho e pesadelo separados por t\u00e3o poucos metros. Nos primeiros dias ali, conta, ouvia gritos durante a noite e dormir era imposs\u00edvel. \u201cN\u00e3o consegues dormir porque na pris\u00e3o as pessoas matam-se, magoam-se a si pr\u00f3prias, enlouquecem. Wandsworth \u00e9 provavelmente uma das pris\u00f5es mais duras do Reino Unido e ser colocado l\u00e1 foi um choque\u201d, assume.<\/p>\n<p>\t\t<img decoding=\"async\" src=\"https:\/\/www.europesays.com\/pt\/wp-content\/uploads\/2025\/11\/1763739312_74_thumbs.web.sapo.io\"  loading=\"true\"\/><\/p>\n<p>                        picture alliance<\/p>\n<p>Na pris\u00e3o \u201co tempo \u00e9 o maior inimigo\u201d, aponta ainda o antigo tenista, \u201cporque o rel\u00f3gio corre muito lentamente\u201d para quem est\u00e1 \u201c22 horas por dia dentro de uma pequena cela\u201d. Mas Becker v\u00ea o lado positivo do isolamento que sofreu: \u201cTens de tomar consci\u00eancia da tua responsabilidade e a vida na cela d\u00e1-te essa oportunidade. Come\u00e7as a pensar nos porqu\u00eas, nos ses e nos quandos\u201d. Tr\u00eas anos depois, Boris Becker acredita que endireitou a vida por ter tido essa tomada de consci\u00eancia. <\/p>\n<p>Durante os oito meses em que esteve preso, Boris Becker tornou-se um adeptos da filosofia do estoicismo, influenciado por um guarda prisional. Ao \u201cGuardian\u201d, lembrou ainda o momento em que o seu antigo pupilo Novak Djokovic, que treinou entre 2013 e 2016, venceu o torneio de Wimbledon em 2022, algo que foi acompanhado por todos os colegas de infort\u00fanio, que sabiam da liga\u00e7\u00e3o de Becker ao s\u00e9rvio. <\/p>\n<p>\u201cQuando o Novak ganhou [a Nick Kyrgios] e levantou os bra\u00e7os, eu levantei-me e ergui tamb\u00e9m os meus bra\u00e7os. A minha ala come\u00e7ou toda a fazer barulho, a bater nas celas sem parar durante 10 minutos, nas paredes, nas portas, com copos e cadeiras. Tinha estado duas semanas a educ\u00e1-lo, a dizer que o Novak era o meu gajo, e eles perceberam isso. Fiquei l\u00e1 a chorar\u201d, confessou, frisando que a carga emocional da vit\u00f3ria foi ainda mais forte porque Djokovic tinha oferecido bilhetes \u00e0 sua companheira, agora mulher, a s\u00e3o-tomense Lilian de Carvalho Monteiro, e ao seu filho mais velho, Noah, que assistiram ao torneio na box do s\u00e9rvio. <\/p>\n<p>\u201c\u00c9 o que eu chamo a verdadeira amizade, aquela que n\u00e3o esqueces\u201d, apontou o antigo tenista, que nos \u00faltimos anos se tem dedicado a cobrir t\u00e9nis e futebol na televis\u00e3o italiana, j\u00e1 livre de todas as d\u00edvidas que o levaram do c\u00e9u ao inferno.<\/p>\n","protected":false},"excerpt":{"rendered":"Foram oito meses, entre abril e dezembro de 2022. Boris Becker, no seu tempo um prodigioso tenista que&hellip;\n","protected":false},"author":2,"featured_media":160143,"comment_status":"","ping_status":"","sticky":false,"template":"","format":"standard","meta":{"footnotes":""},"categories":[87],"tags":[135,32,33,134],"class_list":{"0":"post-160142","1":"post","2":"type-post","3":"status-publish","4":"format-standard","5":"has-post-thumbnail","7":"category-desporto","8":"tag-desporto","9":"tag-portugal","10":"tag-pt","11":"tag-sports"},"share_on_mastodon":{"url":"https:\/\/pubeurope.com\/@pt\/115588427741930362","error":""},"_links":{"self":[{"href":"https:\/\/www.europesays.com\/pt\/wp-json\/wp\/v2\/posts\/160142","targetHints":{"allow":["GET"]}}],"collection":[{"href":"https:\/\/www.europesays.com\/pt\/wp-json\/wp\/v2\/posts"}],"about":[{"href":"https:\/\/www.europesays.com\/pt\/wp-json\/wp\/v2\/types\/post"}],"author":[{"embeddable":true,"href":"https:\/\/www.europesays.com\/pt\/wp-json\/wp\/v2\/users\/2"}],"replies":[{"embeddable":true,"href":"https:\/\/www.europesays.com\/pt\/wp-json\/wp\/v2\/comments?post=160142"}],"version-history":[{"count":0,"href":"https:\/\/www.europesays.com\/pt\/wp-json\/wp\/v2\/posts\/160142\/revisions"}],"wp:featuredmedia":[{"embeddable":true,"href":"https:\/\/www.europesays.com\/pt\/wp-json\/wp\/v2\/media\/160143"}],"wp:attachment":[{"href":"https:\/\/www.europesays.com\/pt\/wp-json\/wp\/v2\/media?parent=160142"}],"wp:term":[{"taxonomy":"category","embeddable":true,"href":"https:\/\/www.europesays.com\/pt\/wp-json\/wp\/v2\/categories?post=160142"},{"taxonomy":"post_tag","embeddable":true,"href":"https:\/\/www.europesays.com\/pt\/wp-json\/wp\/v2\/tags?post=160142"}],"curies":[{"name":"wp","href":"https:\/\/api.w.org\/{rel}","templated":true}]}}