{"id":160151,"date":"2025-11-21T15:47:09","date_gmt":"2025-11-21T15:47:09","guid":{"rendered":"https:\/\/www.europesays.com\/pt\/160151\/"},"modified":"2025-11-21T15:47:09","modified_gmt":"2025-11-21T15:47:09","slug":"pluribus-destrona-severance-eurogamer-pt","status":"publish","type":"post","link":"https:\/\/www.europesays.com\/pt\/160151\/","title":{"rendered":"Pluribus destrona Severance | Eurogamer.pt"},"content":{"rendered":"<p>A s\u00e9rie Pluribus continua a demonstrar o seu enorme sucesso no Apple TV ao tornar-se na s\u00e9rie de drama mais vista no servi\u00e7o de streaming, t\u00edtulo que at\u00e9 agora pertencia a Severance season 2.<\/p>\n<p>Segundo revelado pela companhia, a nova s\u00e9rie de Vince Gilligan, criador de Breaking Bad, capturou as aten\u00e7\u00f5es das audi\u00eancias de tal forma que estabeleceu um novo resultado de visualiza\u00e7\u00f5es a n\u00edvel global para uma nova s\u00e9rie de drama no servi\u00e7o.<\/p>\n<p>Em territ\u00f3rios como Brasil, Canad\u00e1, Reino Unido, Estados Unidos, Fran\u00e7a, Alemanha, e outros, Pluribus foi mais vista do que qualquer outra anterior estreia de drama no Apple TV, mas por enquanto n\u00e3o temos n\u00fameros concretos para a audi\u00eancia dos 3 epis\u00f3dios atualmente dispon\u00edveis.<\/p>\n<p>Pluribus \u00e9 composta por 9 epis\u00f3dios, o \u00faltimo estrear\u00e1 a 26 de dezembro, mas j\u00e1 est\u00e1 confirmada uma segunda temporada de epis\u00f3dios, algo j\u00e1 esperado tendo em conta as rea\u00e7\u00f5es \u00e0 s\u00e9rie.<\/p>\n<p>A s\u00e9rie, <a href=\"https:\/\/www.eurogamer.pt\/hideo-kojima-adora-a-serie-pluribus\" rel=\"nofollow noopener\" target=\"_blank\">altamente elogiada por Hideo Kojima<\/a>, o criador de Death Stranding, Metal Gear Solid e muitos outros jogos adorados, est\u00e1 a fascinar a sua audi\u00eancia, que continua a tentar perceber <a href=\"https:\/\/www.eurogamer.pt\/significado-de-pluribus-permanecera-por-explicar\" rel=\"nofollow noopener\" target=\"_blank\">as verdadeiras mensagens e significados da sua trama<\/a>. Isso, vai ficar por explicar.<\/p>\n","protected":false},"excerpt":{"rendered":"A s\u00e9rie Pluribus continua a demonstrar o seu enorme sucesso no Apple TV ao tornar-se na s\u00e9rie de&hellip;\n","protected":false},"author":2,"featured_media":160152,"comment_status":"","ping_status":"","sticky":false,"template":"","format":"standard","meta":{"footnotes":""},"categories":[142],"tags":[114,115,32,33,151],"class_list":{"0":"post-160151","1":"post","2":"type-post","3":"status-publish","4":"format-standard","5":"has-post-thumbnail","7":"category-tv","8":"tag-entertainment","9":"tag-entretenimento","10":"tag-portugal","11":"tag-pt","12":"tag-tv"},"share_on_mastodon":{"url":"https:\/\/pubeurope.com\/@pt\/115588474267409698","error":""},"_links":{"self":[{"href":"https:\/\/www.europesays.com\/pt\/wp-json\/wp\/v2\/posts\/160151","targetHints":{"allow":["GET"]}}],"collection":[{"href":"https:\/\/www.europesays.com\/pt\/wp-json\/wp\/v2\/posts"}],"about":[{"href":"https:\/\/www.europesays.com\/pt\/wp-json\/wp\/v2\/types\/post"}],"author":[{"embeddable":true,"href":"https:\/\/www.europesays.com\/pt\/wp-json\/wp\/v2\/users\/2"}],"replies":[{"embeddable":true,"href":"https:\/\/www.europesays.com\/pt\/wp-json\/wp\/v2\/comments?post=160151"}],"version-history":[{"count":0,"href":"https:\/\/www.europesays.com\/pt\/wp-json\/wp\/v2\/posts\/160151\/revisions"}],"wp:featuredmedia":[{"embeddable":true,"href":"https:\/\/www.europesays.com\/pt\/wp-json\/wp\/v2\/media\/160152"}],"wp:attachment":[{"href":"https:\/\/www.europesays.com\/pt\/wp-json\/wp\/v2\/media?parent=160151"}],"wp:term":[{"taxonomy":"category","embeddable":true,"href":"https:\/\/www.europesays.com\/pt\/wp-json\/wp\/v2\/categories?post=160151"},{"taxonomy":"post_tag","embeddable":true,"href":"https:\/\/www.europesays.com\/pt\/wp-json\/wp\/v2\/tags?post=160151"}],"curies":[{"name":"wp","href":"https:\/\/api.w.org\/{rel}","templated":true}]}}