{"id":160158,"date":"2025-11-21T15:51:14","date_gmt":"2025-11-21T15:51:14","guid":{"rendered":"https:\/\/www.europesays.com\/pt\/160158\/"},"modified":"2025-11-21T15:51:14","modified_gmt":"2025-11-21T15:51:14","slug":"7-a-cada-10-gestantes-com-diagnostico-tardio-de-sifilis-congenita-sao-negras","status":"publish","type":"post","link":"https:\/\/www.europesays.com\/pt\/160158\/","title":{"rendered":"7 a cada 10 gestantes com diagn\u00f3stico tardio de s\u00edfilis cong\u00eanita s\u00e3o negras"},"content":{"rendered":"<p id=\"capitular\">Dados do Sistema de Informa\u00e7\u00e3o de Agravos de Notifica\u00e7\u00e3o do Minist\u00e9rio da Sa\u00fade (Sinan) levantados pela G\u00eanero e N\u00famero revelaram uma forma de racismo m\u00e9dico recorrente no pr\u00e9-natal das mulheres negras. Mesmo fazendo o acompanhamento regular da gesta\u00e7\u00e3o, as gestantes com s\u00edfilis dificilmente s\u00e3o diagnosticadas durante as consultas e tratadas adequadamente antes do parto.<\/p>\n<p>A s\u00edfilis, uma infec\u00e7\u00e3o sexualmente transmiss\u00edvel, pode ser detectada na primeira consulta por testes simples e \u00e9 chamada, nas gestantes, de s\u00edfilis cong\u00eanita, por poder ser transmitida ao beb\u00ea. Se diagnosticada e tratada de forma apropriada, contudo, as chances de a mulher passar a doen\u00e7a para seu filho durante a gravidez ou o parto s\u00e3o quase nulas.<\/p>\n<p>Uma informa\u00e7\u00e3o animadora, n\u00e3o fosse o fato de que 76% das gestantes brasileiras que fazem o pr\u00e9-natal e s\u00f3 s\u00e3o diagnosticadas ap\u00f3s o nascimento do beb\u00ea s\u00e3o negras \u2013 assim como sete a cada dez mulheres que recebem diagn\u00f3stico de s\u00edfilis cong\u00eanita e n\u00e3o t\u00eam tratamento adequado.<\/p>\n<p>Ou seja: al\u00e9m de n\u00e3o receberem o tratamento de que precisam para garantir sua sa\u00fade, essas mulheres perdem a chance de praticamente zerar a possibilidade de transmiss\u00e3o para seus filhos, perpetuando a s\u00edfilis cong\u00eanita como uma quest\u00e3o de sa\u00fade atravessada por ra\u00e7a.<\/p>\n<p>Em uma\u00a0<a href=\"https:\/\/www.generonumero.media\/entrevistas\/sifilis-congenita-gestantes-negras\/\" rel=\"nofollow noopener\" target=\"_blank\">entrevista que aprofunda os dados aqui apresentados<\/a>, a ginecologista e obstetra Larissa Caetano, mestra pela USP em gesta\u00e7\u00e3o de alto risco, ressalta: \u201cAcredito que o diagn\u00f3stico n\u00e3o \u00e9 feito nessas mulheres pelo racismo. N\u00e3o vejo outro motivo. O teste \u00e9 simples, faz parte da rotina de qualquer pr\u00e9-natal\u201d.<\/p>\n<p>A falta de diagn\u00f3stico e tratamento adequado para a s\u00edfilis cong\u00eanita \u00e9, portanto, uma faceta ainda pouco discutida do chamado racismo obst\u00e9trico \u2013 termo cunhado pela antrop\u00f3loga D\u00e1na-Ain Davis para descrever como o racismo se manifesta de forma espec\u00edfica na assist\u00eancia \u00e0 gesta\u00e7\u00e3o e ao parto de mulheres negras, como mostra\u00a0<a href=\"https:\/\/www.generonumero.media\/reportagens\/racismo-medico-e-obstetrico\/\" rel=\"nofollow noopener\" target=\"_blank\">esta outra reportagem<\/a>.<\/p>\n<p>O\u00a0<a href=\"https:\/\/www.generonumero.media\/reportagens\/racismo-medico-e-obstetrico\/\" rel=\"nofollow noopener\" target=\"_blank\">especial sobre racismo obst\u00e9trico<\/a>, a\u00a0<a href=\"https:\/\/www.generonumero.media\/entrevistas\/sifilis-congenita-gestantes-negras\/\" rel=\"nofollow noopener\" target=\"_blank\">entrevista com a obstetra Larissa Caetano<\/a>\u00a0e esta reportagem visual s\u00e3o parte de nossa s\u00e9rie Juntas pelo Bem Viver, uma iniciativa da Coaliz\u00e3o de M\u00eddias Negras e Feministas.\u00a0<a href=\"https:\/\/www.generonumero.media\/coalizao-midias-negras\/\" rel=\"nofollow noopener\" target=\"_blank\">Fique por dentro dos demais conte\u00fados da s\u00e9rie<\/a>.<\/p>\n<p><img fetchpriority=\"high\" data-recalc-dims=\"1\" decoding=\"async\" width=\"275\" height=\"1024\" src=\"https:\/\/www.europesays.com\/pt\/wp-content\/uploads\/2025\/11\/251113-sifilis-congenita.webp\" alt=\"\" class=\"wp-image-63768\"  \/><\/p>\n<p><strong>METODOLOGIA<\/strong><\/p>\n<p>Os dados sobre s\u00edfilis cong\u00eanita fazem parte do Sistema de Informa\u00e7\u00f5es de Agravos de Informa\u00e7\u00f5es (Sinan) e est\u00e3o dispon\u00edveis no site do datasus. A manipula\u00e7\u00e3o da base, que ocorreu no programa R, contou com a jun\u00e7\u00e3o de informa\u00e7\u00f5es dos anos de 2019 a 2023. Al\u00e9m disso, foram feitas altera\u00e7\u00f5es em algumas categorias de vari\u00e1veis, como o agrupamento de pretas e pardas em negras na resposta sobre a ra\u00e7a da m\u00e3e. Por fim, as categorias ind\u00edgenas e amarelas foram analisadas, mas exclu\u00eddas das visualiza\u00e7\u00f5es em fun\u00e7\u00e3o do n\u00famero absoluto pequeno e propor\u00e7\u00f5es que n\u00e3o alcan\u00e7aram 1%.<\/p>\n<p><strong>EXPEDIENTE<\/strong><\/p>\n<p><strong>Design de informa\u00e7\u00e3o e coordena\u00e7\u00e3o de design<\/strong><br \/>Vict\u00f3ria Sacagami<\/p>\n<p><strong>An\u00e1lise de dados<\/strong><br \/>Diego Nunes da Rocha<\/p>\n<p><strong>Texto e edi\u00e7\u00e3o<\/strong><br \/>Bruna de Lara<\/p>\n<p><strong>Dire\u00e7\u00e3o de conte\u00fado e revis\u00e3o<\/strong><br \/>Vit\u00f3ria R\u00e9gia da Silva<\/p>\n","protected":false},"excerpt":{"rendered":"Dados do Sistema de Informa\u00e7\u00e3o de Agravos de Notifica\u00e7\u00e3o do Minist\u00e9rio da Sa\u00fade (Sinan) levantados pela G\u00eanero e&hellip;\n","protected":false},"author":2,"featured_media":160159,"comment_status":"","ping_status":"","sticky":false,"template":"","format":"standard","meta":{"footnotes":""},"categories":[86],"tags":[6929,116,183,34083,34084,34085,32,33,11099,117,24389],"class_list":{"0":"post-160158","1":"post","2":"type-post","3":"status-publish","4":"format-standard","5":"has-post-thumbnail","7":"category-saude","8":"tag-gestantes","9":"tag-health","10":"tag-home","11":"tag-juntas-pelo-bem-viver","12":"tag-marcha-das-mulheres-negras","13":"tag-marcha-das-mulheres-negras-2025","14":"tag-portugal","15":"tag-pt","16":"tag-racismo","17":"tag-saude","18":"tag-sifilis-congenita"},"share_on_mastodon":{"url":"https:\/\/pubeurope.com\/@pt\/115588490057573867","error":""},"_links":{"self":[{"href":"https:\/\/www.europesays.com\/pt\/wp-json\/wp\/v2\/posts\/160158","targetHints":{"allow":["GET"]}}],"collection":[{"href":"https:\/\/www.europesays.com\/pt\/wp-json\/wp\/v2\/posts"}],"about":[{"href":"https:\/\/www.europesays.com\/pt\/wp-json\/wp\/v2\/types\/post"}],"author":[{"embeddable":true,"href":"https:\/\/www.europesays.com\/pt\/wp-json\/wp\/v2\/users\/2"}],"replies":[{"embeddable":true,"href":"https:\/\/www.europesays.com\/pt\/wp-json\/wp\/v2\/comments?post=160158"}],"version-history":[{"count":0,"href":"https:\/\/www.europesays.com\/pt\/wp-json\/wp\/v2\/posts\/160158\/revisions"}],"wp:featuredmedia":[{"embeddable":true,"href":"https:\/\/www.europesays.com\/pt\/wp-json\/wp\/v2\/media\/160159"}],"wp:attachment":[{"href":"https:\/\/www.europesays.com\/pt\/wp-json\/wp\/v2\/media?parent=160158"}],"wp:term":[{"taxonomy":"category","embeddable":true,"href":"https:\/\/www.europesays.com\/pt\/wp-json\/wp\/v2\/categories?post=160158"},{"taxonomy":"post_tag","embeddable":true,"href":"https:\/\/www.europesays.com\/pt\/wp-json\/wp\/v2\/tags?post=160158"}],"curies":[{"name":"wp","href":"https:\/\/api.w.org\/{rel}","templated":true}]}}