{"id":160170,"date":"2025-11-21T16:02:12","date_gmt":"2025-11-21T16:02:12","guid":{"rendered":"https:\/\/www.europesays.com\/pt\/160170\/"},"modified":"2025-11-21T16:02:12","modified_gmt":"2025-11-21T16:02:12","slug":"era-estrela-dos-fugees-agora-traiu-os-eua-e-foi-condenado-a-14-anos-de-prisao","status":"publish","type":"post","link":"https:\/\/www.europesays.com\/pt\/160170\/","title":{"rendered":"Era estrela dos Fugees, agora &#8220;traiu&#8221; os EUA e foi condenado a 14 anos de pris\u00e3o"},"content":{"rendered":"<p class=\"wp-caption-text top\"><a href=\"https:\/\/www.flickr.com\/photos\/55155430@N03\/16939684215\/\" rel=\"nofollow external noopener noreferrer\" data-wpel-link=\"external\" target=\"_blank\" class=\"ext-link\">Miami International Film Festival \/ Flickr<\/a><\/p>\n<p><img decoding=\"async\" loading=\"lazy\" class=\"size-kopa-image-size-3 wp-image-712778\" src=\"https:\/\/www.europesays.com\/pt\/wp-content\/uploads\/2025\/11\/57ac516373518c4d30e5fbdd805ea51d-783x450.jpg\" alt=\"\" width=\"700\" height=\"402\"  \/><\/p>\n<p class=\"wp-caption-text bot\">Pras Michel<\/p>\n<p><strong>Pras Michel \u201ctraiu os EUA por dinheiro\u201d para ajudar um empres\u00e1rio \u2013 que \u201cs\u00f3 queria uma fotografia\u201d com Barack Obama.<\/strong><\/p>\n<p>\u201cReady or not, here I come\u2026\u201d para a pris\u00e3o. Prakazrel <strong>\u201cPras\u201d Michel,<\/strong> um dos membros do grupo <strong>The Fugees,<\/strong> foi <strong>condenado a 14 anos de pris\u00e3o<\/strong>.<\/p>\n<p>O rapper<strong> \u201ctraiu o seu pa\u00eds por dinheiro\u201d<\/strong>, resumem os procuradores: canalizou ilegalmente milh\u00f5es de d\u00f3lares em <strong>contribui\u00e7\u00f5es estrangeiras para a campanha de reelei\u00e7\u00e3o de Barack Obama<\/strong>, em 2012.<\/p>\n<p>Segundo o Departamento de Justi\u00e7a, o m\u00fasico aceitou<strong> 120 milh\u00f5es de d\u00f3lares<\/strong> (pouco mais de 100 milh\u00f5es de euros) de <strong>Low Taek Jho<\/strong>, empres\u00e1rio da Mal\u00e1sia que queria ter<strong> influ\u00eancia pol\u00edtica nos EUA.<\/strong><\/p>\n<p>Os procuradores disseram que Michel <strong>\u201cmentiu<\/strong> <strong>descarada e implacavelmente<\/strong> para avan\u00e7ar com as suas a\u00e7\u00f5es\u201d e <strong>tentou enganar a Casa Branca, pol\u00edticos de alto n\u00edvel e o FBI durante quase uma d\u00e9cada<\/strong>, cita a <a href=\"https:\/\/news.sky.com\/story\/pras-michel-fugees-who-betrayed-us-for-money-is-jailed-for-14-years-13473440\" data-wpel-link=\"external\" target=\"_blank\" rel=\"nofollow external noopener noreferrer\" class=\"ext-link\">Sky News<\/a>.<\/p>\n<p>J\u00e1 mais tarde, em 2018 e j\u00e1 com Donald Trump na Casa Branca, \u00e9 acusado de ter <strong>pressionado<\/strong> a Presid\u00eancia e o Departamento de Justi\u00e7a para que <strong>arquivassem<\/strong> as investiga\u00e7\u00f5es de desvio de fundos contra o empres\u00e1rio da Mal\u00e1sia.<\/p>\n<p>Numa an\u00e1lise geral, Pras foi <strong>condenado<\/strong> por 10 crimes (em 2023) e, j\u00e1 no m\u00eas passado, foi condenado a uma multa de cerca de 65 milh\u00f5es de d\u00f3lares (quase 50 milh\u00f5es de euros) pelo seu papel no esquema.<\/p>\n<p>E os procuradores at\u00e9 queriam pena de <strong>pris\u00e3o perp\u00e9tua.<\/strong> Para \u201crefletir a amplitude e a profundidade dos crimes de Pras Michel, a sua indiferen\u00e7a aos riscos para o seu pa\u00eds e a magnitude da sua gan\u00e2ncia\u201d.<\/p>\n<p>O advogado do rapper, Peter Zeidenberg, acha que 14 anos \u00e9 \u201ccompletamente <strong>desproporcional<\/strong> ao crime\u201d; e prometeu recorrer.<\/p>\n<p>Entretanto, o <strong>empres\u00e1rio<\/strong> Low Taek Jho <strong>est\u00e1 a fugir da Justi\u00e7a<\/strong> \u2013 mas continua a garantir que \u00e9 inocente. Os advogados garantem que Low nunca quis atingir algum objetivo pol\u00edtico; <strong>s\u00f3 queria tirar uma fotografia com Barack Obama<\/strong>.<\/p>\n<p>Pras Michel foi um dos membros fundadores dos The Fugees, um dos grupos musicais com mais sucesso na d\u00e9cada 1990, que tamb\u00e9m tinha os seus amigos de inf\u00e2ncia Lauryn Hill e Wyclef Jean.<\/p>\n<p>Em agosto do ano passado, supostamente iria haver um regresso dos The Fugees \u2013 mas a digress\u00e3o nos EUA foi cancelada, de forma discreta, apenas tr\u00eas dias antes do primeiro concerto. N\u00e3o houve motivo oficial; Lauryn Hill falou em \u201cmanchetes sensacionalistas\u201d e poucos bilhetes vendidos.<\/p>\n<p>Dois meses depois, em outubro de 2024, Pras processou Lauryn Hill por quebra de contrato e fraude, acusando-a de m\u00e1 gest\u00e3o do or\u00e7amento da digress\u00e3o numa \u201ctentativa velada e ardilosa de obter um grande lucro para ela pr\u00f3pria\u201d.<\/p>\n<p>    <a href=\"https:\/\/zap.aeiou.pt\/subscrever-newsletter\" data-wpel-link=\"internal\" rel=\"nofollow noopener\" target=\"_blank\">&#13;<br \/>\n        <img loading=\"lazy\" decoding=\"async\" class=\"aligncenter size-full wp-image-575475\" src=\"https:\/\/www.europesays.com\/pt\/wp-content\/uploads\/2025\/11\/2d51fe4a0ba54894421ead1809309ed9-1-450x140.jpg\" alt=\"Subscreva a Newsletter ZAP\" width=\"450\" height=\"140\"\/>&#13;<br \/>\n    <\/a><\/p>\n<p>                <a href=\"https:\/\/whatsapp.com\/channel\/0029VaIC4EE2f3EJZPPSbR34\" data-wpel-link=\"external\" target=\"_blank\" rel=\"nofollow external noopener noreferrer\" class=\"ext-link\">&#13;<br \/>\n                    <img loading=\"lazy\" decoding=\"async\" class=\"aligncenter size-full wp-image-575475\" src=\"https:\/\/www.europesays.com\/pt\/wp-content\/uploads\/2025\/11\/c68c559d956d4ca20f435ed74a6e71e6.png\" alt=\"Siga-nos no WhatsApp\" width=\"175\" height=\"64\"\/>&#13;<br \/>\n                <\/a><\/p>\n<p>                <a href=\"https:\/\/news.google.com\/publications\/CAAiEHRwZondIV71PDjWNoqMduEqFAgKIhB0cGaJ3SFe9Tw41jaKjHbh?hl=en-US&amp;gl=US&amp;ceid=US%3Aen\" data-wpel-link=\"external\" target=\"_blank\" rel=\"nofollow external noopener noreferrer\" class=\"ext-link\">&#13;<br \/>\n                    <img loading=\"lazy\" decoding=\"async\" class=\"aligncenter size-full wp-image-575475\" src=\"https:\/\/www.europesays.com\/pt\/wp-content\/uploads\/2025\/11\/5123dd8b087b644fdb8f8603acd1bad4.png\" alt=\"Siga-nos no Google News\" width=\"176\" height=\"64\"\/>&#13;<br \/>\n                <\/a><\/p>\n","protected":false},"excerpt":{"rendered":"Miami International Film Festival \/ Flickr Pras Michel Pras Michel \u201ctraiu os EUA por dinheiro\u201d para ajudar um&hellip;\n","protected":false},"author":2,"featured_media":160171,"comment_status":"","ping_status":"","sticky":false,"template":"","format":"standard","meta":{"footnotes":""},"categories":[141],"tags":[8732,114,115,413,603,149,150,4007,32,33],"class_list":{"0":"post-160170","1":"post","2":"type-post","3":"status-publish","4":"format-standard","5":"has-post-thumbnail","7":"category-musica","8":"tag-barack-obama","9":"tag-entertainment","10":"tag-entretenimento","11":"tag-eua","12":"tag-justica","13":"tag-music","14":"tag-musica","15":"tag-politica-internacional","16":"tag-portugal","17":"tag-pt"},"share_on_mastodon":{"url":"https:\/\/pubeurope.com\/@pt\/115588533519221363","error":""},"_links":{"self":[{"href":"https:\/\/www.europesays.com\/pt\/wp-json\/wp\/v2\/posts\/160170","targetHints":{"allow":["GET"]}}],"collection":[{"href":"https:\/\/www.europesays.com\/pt\/wp-json\/wp\/v2\/posts"}],"about":[{"href":"https:\/\/www.europesays.com\/pt\/wp-json\/wp\/v2\/types\/post"}],"author":[{"embeddable":true,"href":"https:\/\/www.europesays.com\/pt\/wp-json\/wp\/v2\/users\/2"}],"replies":[{"embeddable":true,"href":"https:\/\/www.europesays.com\/pt\/wp-json\/wp\/v2\/comments?post=160170"}],"version-history":[{"count":0,"href":"https:\/\/www.europesays.com\/pt\/wp-json\/wp\/v2\/posts\/160170\/revisions"}],"wp:featuredmedia":[{"embeddable":true,"href":"https:\/\/www.europesays.com\/pt\/wp-json\/wp\/v2\/media\/160171"}],"wp:attachment":[{"href":"https:\/\/www.europesays.com\/pt\/wp-json\/wp\/v2\/media?parent=160170"}],"wp:term":[{"taxonomy":"category","embeddable":true,"href":"https:\/\/www.europesays.com\/pt\/wp-json\/wp\/v2\/categories?post=160170"},{"taxonomy":"post_tag","embeddable":true,"href":"https:\/\/www.europesays.com\/pt\/wp-json\/wp\/v2\/tags?post=160170"}],"curies":[{"name":"wp","href":"https:\/\/api.w.org\/{rel}","templated":true}]}}