{"id":160181,"date":"2025-11-21T16:11:24","date_gmt":"2025-11-21T16:11:24","guid":{"rendered":"https:\/\/www.europesays.com\/pt\/160181\/"},"modified":"2025-11-21T16:11:24","modified_gmt":"2025-11-21T16:11:24","slug":"atletico-cp-benfica-os-onzes-provaveis-para-o-derbi-lisboeta-maisfutebol","status":"publish","type":"post","link":"https:\/\/www.europesays.com\/pt\/160181\/","title":{"rendered":"Atl\u00e9tico CP-Benfica: os onzes prov\u00e1veis para o d\u00e9rbi lisboeta &#8211; Maisfutebol"},"content":{"rendered":"<ol>\n<li><a href=\"https:\/\/news.google.com\/rss\/articles\/CBMiwgFBVV95cUxNNjI2OGhBMlJLb3VtVWZGVk1KcklITVhXT0FpcU1JbC1rbGZ2eVpPRWF6djZvbDRKNXRpYXFaRkhHaXd5RTRLeDdQWUVRVTFXSDhJZFgwd3h0V1k2SFVUU2g3aHh6SHQtSUxuYTMzZUVTYUV5WFliNThVYkxuU21Db3hJS1NfbTRaSjV0bWVzUjZ4WnBfSll6cFpzRWk2ZkRQMG1NYWt1RWhPc3IxU0k0RmFnT3BuQ08xdktjbDdqOVJUQQ?oc=5\" target=\"_blank\" rel=\"nofollow noopener\">Atl\u00e9tico CP-Benfica: os onzes prov\u00e1veis para o d\u00e9rbi lisboeta<\/a>&nbsp;&nbsp;Maisfutebol<\/li>\n<li><a href=\"https:\/\/news.google.com\/rss\/articles\/CBMihAJBVV95cUxNdVpFUXVIVURiWndWVDJGLTdMSkphOU52Zm9QbS1WR3J3WnhGLTRUSXpKem9mZ0otU2RzZFpNQWYtSEgwU0lQTmEwdy1KdmNXQnM1SGNBUE8wOFdvY0wzaENnaVV6eS1yY0tRZEtsa1dMbERGTzFXRkVMUnhLNXR2eFVqXzc2eGx1S3FkNzdCWmE3LVVYVU5uSVYzTURmeHE4cnZkRGdocU9wU094anpLSWtXNWRFa1hsMVFteWM2dDBTUENGVHNUdTRZVk9CbmpTLWtka1ZqaDh3eXh3RU1EdmstWE1heWxLVG9Vby1ONXpTQnNkTEFTR2xMWVpiUzRiN1c5cg?oc=5\" target=\"_blank\" rel=\"nofollow noopener\">Atl\u00e9tico x Benfica: onde assistir, escala\u00e7\u00f5es e arbitragem<\/a>&nbsp;&nbsp;Terra<\/li>\n<li><a href=\"https:\/\/news.google.com\/rss\/articles\/CBMikAFBVV95cUxNMWNUOTRWU0VkaGhTN3FSSV9iQWZndG50a1liM1owRzJ6bDNwTUpMVjRpOWtnSHU4Q2ZfRklpWlE1bjZyUjZ6RG12T3F6NDNzTWFxQXF5NjlXNmtla2F1NTZrdVlqQ2N5bnpibk5uSllWU204ODFBcXJiUU5zUDVwOUZZNkdKUHVQXzNHUHBqNVc?oc=5\" target=\"_blank\" rel=\"nofollow noopener\">Atl\u00e9tico CP x Benfica Palpite \u2013 Onde Assistir, Hora e Escala\u00e7\u00f5es 21-11<\/a>&nbsp;&nbsp;OneFootball<\/li>\n<li><a href=\"https:\/\/news.google.com\/rss\/articles\/CBMiwgFBVV95cUxNaThKcTdKdHV2OVFPRk1LbEJ6LU51VG05aEx3Sjd2eGRZa3pCQ1lLTDBDeFl3RUhTZ2J3MVd1bXg2SHBJeVhUeWFRMHlpc2x4TlctU3RVZndlN2RLNWNneWNaUG1oQ25sS2d0VDFzbXU5MzZ6MzF3ZUtSTkdzeDQzanliYi1Qd09oekNPWnJBRHZWS1U1a1dxZEVBQUZna1hscDI4amR5cm9iMjlrSHRsY2RPblo2dXNqc1ZGMzFTZFdpdw?oc=5\" target=\"_blank\" rel=\"nofollow noopener\">Benfica: ataque novo para mostrar servi\u00e7o (equipa prov\u00e1vel contra o Atl\u00e9tico)<\/a>&nbsp;&nbsp;A Bola<\/li>\n<li><a href=\"https:\/\/news.google.com\/rss\/articles\/CBMiswFBVV95cUxOQVlrYjBpT2dpckh4Y1FLSkFEcFNMQmxJbGNvTDhZb0o1dGRQLWtBa2xxWEFkUDAyd01XWERHTGkzT3JlYWJCWmUyR2J5TU5neGNBOF9YSXYycGR0RWxsTVZXVjhwcEIwTllzQ0NwN2puTlF6U05QYmY5U19EYmg1WDNRdjFkZ0xQLVBvZmdNSFR4QjJ0WlE1RThWUzlHTktySTBRUzJLajExeVpycWQzdkpSSQ?oc=5\" target=\"_blank\" rel=\"nofollow noopener\">Ta\u00e7a de Portugal. Atl\u00e9tico reencontra Benfica mais de 40 anos depois<\/a>&nbsp;&nbsp;RTP<\/li>\n<\/ol>\n","protected":false},"excerpt":{"rendered":"Atl\u00e9tico CP-Benfica: os onzes prov\u00e1veis para o d\u00e9rbi lisboeta&nbsp;&nbsp;Maisfutebol Atl\u00e9tico x Benfica: onde assistir, escala\u00e7\u00f5es e arbitragem&nbsp;&nbsp;Terra Atl\u00e9tico&hellip;\n","protected":false},"author":2,"featured_media":160182,"comment_status":"","ping_status":"","sticky":false,"template":"","format":"standard","meta":{"footnotes":""},"categories":[8],"tags":[30738,51,27,28,15,16,14,25,26,21,22,46,12,13,19,20,7689,32,23,24,33,47,13676,17,18,29,30,31],"class_list":{"0":"post-160181","1":"post","2":"type-post","3":"status-publish","4":"format-standard","5":"has-post-thumbnail","7":"category-principais-noticias","8":"tag-atletico-cp","9":"tag-benfica","10":"tag-breaking-news","11":"tag-breakingnews","12":"tag-featured-news","13":"tag-featurednews","14":"tag-headlines","15":"tag-latest-news","16":"tag-latestnews","17":"tag-main-news","18":"tag-mainnews","19":"tag-maisfutebol","20":"tag-news","21":"tag-noticias","22":"tag-noticias-principais","23":"tag-noticiasprincipais","24":"tag-onzes-provaveis","25":"tag-portugal","26":"tag-principais-noticias","27":"tag-principaisnoticias","28":"tag-pt","29":"tag-pura-paixao","30":"tag-taca-portugal","31":"tag-top-stories","32":"tag-topstories","33":"tag-ultimas","34":"tag-ultimas-noticias","35":"tag-ultimasnoticias"},"share_on_mastodon":{"url":"https:\/\/pubeurope.com\/@pt\/115588568766170731","error":""},"_links":{"self":[{"href":"https:\/\/www.europesays.com\/pt\/wp-json\/wp\/v2\/posts\/160181","targetHints":{"allow":["GET"]}}],"collection":[{"href":"https:\/\/www.europesays.com\/pt\/wp-json\/wp\/v2\/posts"}],"about":[{"href":"https:\/\/www.europesays.com\/pt\/wp-json\/wp\/v2\/types\/post"}],"author":[{"embeddable":true,"href":"https:\/\/www.europesays.com\/pt\/wp-json\/wp\/v2\/users\/2"}],"replies":[{"embeddable":true,"href":"https:\/\/www.europesays.com\/pt\/wp-json\/wp\/v2\/comments?post=160181"}],"version-history":[{"count":0,"href":"https:\/\/www.europesays.com\/pt\/wp-json\/wp\/v2\/posts\/160181\/revisions"}],"wp:featuredmedia":[{"embeddable":true,"href":"https:\/\/www.europesays.com\/pt\/wp-json\/wp\/v2\/media\/160182"}],"wp:attachment":[{"href":"https:\/\/www.europesays.com\/pt\/wp-json\/wp\/v2\/media?parent=160181"}],"wp:term":[{"taxonomy":"category","embeddable":true,"href":"https:\/\/www.europesays.com\/pt\/wp-json\/wp\/v2\/categories?post=160181"},{"taxonomy":"post_tag","embeddable":true,"href":"https:\/\/www.europesays.com\/pt\/wp-json\/wp\/v2\/tags?post=160181"}],"curies":[{"name":"wp","href":"https:\/\/api.w.org\/{rel}","templated":true}]}}