{"id":160196,"date":"2025-11-21T16:26:52","date_gmt":"2025-11-21T16:26:52","guid":{"rendered":"https:\/\/www.europesays.com\/pt\/160196\/"},"modified":"2025-11-21T16:26:52","modified_gmt":"2025-11-21T16:26:52","slug":"marcelo-preside-a-parada-militar-do-25-de-novembro-observador","status":"publish","type":"post","link":"https:\/\/www.europesays.com\/pt\/160196\/","title":{"rendered":"Marcelo preside a parada militar do 25 de Novembro \u2013 Observador"},"content":{"rendered":"<p>Apesar de ter considerado a cerim\u00f3nia um \u201cregresso ao passado\u201d, o Presidente da Rep\u00fablica aceitou o convite para <strong>presidir<\/strong> \u00e0 parada militar que vai acontecer a prop\u00f3sito do 25 de Novembro. Entretanto, a menos de uma semana da efem\u00e9ride, o presidente da comiss\u00e3o que organiza as comemora\u00e7\u00f5es corrige as declara\u00e7\u00f5es do Presidente: \u201cA parada militar n\u00e3o \u00e9 um regresso ao passado, \u00e9 <strong>respeito pelo passado<\/strong> e pelo futuro\u201d.<\/p>\n<p>Ao Observador, a Presid\u00eancia da Rep\u00fablica confirma que Marcelo \u201crecebeu a Comiss\u00e3o Organizadora das Comemora\u00e7\u00f5es do 50.\u00ba anivers\u00e1rio do 25 de Novembro de 1975\u201d e que esta o convidou a \u201cpresidir \u00e0 Parada Militar alusiva \u00e0 data, convite este que o Presidente da Rep\u00fablica <strong>aceitou<\/strong>.\u201d<\/p>\n<p>Quando o Observador <a href=\"https:\/\/observador.pt\/especiais\/documentario-podcast-e-parada-militar-orcamento-para-25-de-novembro-vem-da-defesa-mas-verbas-ainda-nao-estao-aprovadas\/\" rel=\"nofollow noopener\" target=\"_blank\">come\u00e7ou por falar <\/a>com o presidente da comiss\u00e3o, o general Al\u00edpio Tom\u00e9 Pinto, este tinha referido que Marcelo, como comandante supremo das For\u00e7as Armadas, \u201cest\u00e1 sempre convidado\u201d e que j\u00e1 tinham sido feitos os \u201ccontactos devidos\u201d. Mas a Presid\u00eancia negava ter, por essa altura, recebido o convite \u2014\u00a0\u201cO Presidente da Rep\u00fablica, que vai receber em breve o Presidente da Comiss\u00e3o,\u00a0n\u00e3o tem <strong>conhecimento<\/strong>\u00a0nem recebeu convite para parada militar nesse dia.\u201d<\/p>\n<p>Agora, Marcelo confirma a reuni\u00e3o e a sua presen\u00e7a na parada, no Terreiro do Pa\u00e7o, em Lisboa, um dia depois de ter parecido desvalorizar a cerim\u00f3nia, classificando-a como um \u201cregresso ao passado\u201d em que <strong>n\u00e3o vai haver \u201cdiscursos\u201d<\/strong> \u2014 uma hip\u00f3tese que inicialmente a comiss\u00e3o colocara \u2014 e cuja dura\u00e7\u00e3o vai estar \u201ccondicionada pela cerim\u00f3nia na Assembleia da Rep\u00fablica\u201d, marcada para as 11h da pr\u00f3xima ter\u00e7a-feira (a parada ter\u00e1 a dura\u00e7\u00e3o aproximada de uma hora).<\/p>\n<p>\u201cSe quiserem, \u00e9 um <strong>regresso ao passado<\/strong>, reavivando aquilo que se fazia nos anos imediatamente seguintes ao fim da revolu\u00e7\u00e3o\u201d, comentou Marcelo Rebelo de Sousa, que falava esta ter\u00e7a-feira aos jornalistas em Cascais. E continuou lembrando que no ano passado o 25 de Novembro j\u00e1 teve direito a <strong>sess\u00e3o solene<\/strong> na Assembleia da Rep\u00fablica, como acontecer\u00e1 tamb\u00e9m este ano, e que no ano passado o 25 de Abril tamb\u00e9m foi celebrado com uma parada militar.<\/p>\n<p>Ao Observador, o general Al\u00edpio Tom\u00e9 Pinto, que organiza as comemora\u00e7\u00f5es, assegura que Marcelo Rebelo de Sousa \u201cacolheu muito bem\u201d a ideia \u2014 como comandante supremo das For\u00e7as Armadas <strong>\u201cat\u00e9 seria estranho\u201d<\/strong> se n\u00e3o participasse \u2014 e confirma que n\u00e3o far\u00e1 nenhum discurso (haver\u00e1 apenas uma mensagem de abertura do pr\u00f3prio Al\u00edpio Pinto e outra enviada por <strong>Ramalho Eanes<\/strong>).<\/p>\n<p>Mas discorda de que a iniciativa represente um regresso ao passado: \u201cUma parada militar n\u00e3o \u00e9 um regresso ao passado, \u00e9 um respeito pelo passado e \u00e9 tamb\u00e9m <strong>um futuro<\/strong>\u201c, argumenta, frisando que o papel das For\u00e7as Armadas \u00e9 o de \u201ccriar condi\u00e7\u00f5es para que a pol\u00edtica seja exercida em liberdade e seguran\u00e7a\u201d. \u201c\u00c9 o seu papel de sempre, em todos os povos sempre <strong>existiram e existir\u00e3o<\/strong>, porque a seguran\u00e7a \u00e9 um bem indispens\u00e1vel\u201d.<\/p>\n<p>Assim, se as For\u00e7as Armadas fizerem bem o seu papel n\u00e3o representam nenhuma amea\u00e7a de \u201cregresso ao passado\u201d \u2014 como o pr\u00f3prio reconhece, quando as For\u00e7as Armadas \u201cse metem na pol\u00edtica h\u00e1 confus\u00e3o\u201d e por isso essa altera\u00e7\u00e3o do seu papel no p\u00f3s 25 de Abril foi tempor\u00e1rio, \u201cuma situa\u00e7\u00e3o de <strong>exce\u00e7\u00e3o<\/strong> que deve sempre durar pouco tempo\u201d. At\u00e9 porque, \u201ccontrariamente ao que muitos dizem\u201d, defende, \u201co 25 de Novembro n\u00e3o \u00e9 contra o 25 de Abril, mas contra a doutrina do <strong>11 de mar\u00e7o<\/strong>\u201c.<\/p>\n<p>O organizador explica que a parada militar vai contar com as v\u00e1rias unidades das For\u00e7as Armadas e com elementos de \u201ctodas as que <strong>intervieram<\/strong>\u201d no 25 de Novembro, incluindo o regimento de comandos de Estremoz, a escola pr\u00e1tica de Infantaria de Mafra, a escola pr\u00e1tica de Cavalaria de Santar\u00e9m, a primeira unidade do centro de instru\u00e7\u00e3o de Cascais ou o comando da regi\u00e3o militar do Norte; em Cortega\u00e7a, a For\u00e7a A\u00e9rea vai ter uma cerim\u00f3nia no dia 27, sobrevoando as for\u00e7as que est\u00e3o em parada.<\/p>\n<p>Nas mesmas declara\u00e7\u00f5es aos jornalistas, Marcelo Rebelo de Sousa quis ainda referir que a realiza\u00e7\u00e3o de uma parada militar para comemorar o dia 25 de Novembro de 1975 \u201c\u00e9 uma ideia\u201d que <strong>\u201cj\u00e1 houve, em tempos\u201d.<\/strong> \u201cVerdadeiramente, houve uma parada militar durante a presid\u00eancia do Presidente Ramalho Eanes \u2014 durante os dois mandatos, salvo erro, houve sempre parada militar no 25 de Novembro, houve sempre cerim\u00f3nia militar\u201d.<\/p>\n<p>As comemora\u00e7\u00f5es ainda assumiram estes moldes durante a Presid\u00eancia de M\u00e1rio Soares, mas acabaram por cair, passando a ser mantidas no interior dos quart\u00e9is, com cada ramo das For\u00e7as Armadas a celebrar por iniciativa pr\u00f3pria.<\/p>\n<p>No ano passado, no 49\u00ba anivers\u00e1rio do 25 de Novembro, o Presidente no Parlamento que n\u00e3o existe contradi\u00e7\u00e3o na celebra\u00e7\u00e3o das duas datas, classificando o 25 de Abril como \u201ca data maior\u201d.<\/p>\n","protected":false},"excerpt":{"rendered":"Apesar de ter considerado a cerim\u00f3nia um \u201cregresso ao passado\u201d, o Presidente da Rep\u00fablica aceitou o convite para&hellip;\n","protected":false},"author":2,"featured_media":160197,"comment_status":"","ping_status":"","sticky":false,"template":"","format":"standard","meta":{"footnotes":""},"categories":[10],"tags":[23642,27,28,15,16,14,25,26,21,22,12,13,19,20,57,32,23,24,33,58,17,18,29,30,31],"class_list":{"0":"post-160196","1":"post","2":"type-post","3":"status-publish","4":"format-standard","5":"has-post-thumbnail","7":"category-portugal","8":"tag-25-de-novembro","9":"tag-breaking-news","10":"tag-breakingnews","11":"tag-featured-news","12":"tag-featurednews","13":"tag-headlines","14":"tag-latest-news","15":"tag-latestnews","16":"tag-main-news","17":"tag-mainnews","18":"tag-news","19":"tag-noticias","20":"tag-noticias-principais","21":"tag-noticiasprincipais","22":"tag-pau00eds","23":"tag-portugal","24":"tag-principais-noticias","25":"tag-principaisnoticias","26":"tag-pt","27":"tag-sociedade","28":"tag-top-stories","29":"tag-topstories","30":"tag-ultimas","31":"tag-ultimas-noticias","32":"tag-ultimasnoticias"},"share_on_mastodon":{"url":"https:\/\/pubeurope.com\/@pt\/115588631324994207","error":""},"_links":{"self":[{"href":"https:\/\/www.europesays.com\/pt\/wp-json\/wp\/v2\/posts\/160196","targetHints":{"allow":["GET"]}}],"collection":[{"href":"https:\/\/www.europesays.com\/pt\/wp-json\/wp\/v2\/posts"}],"about":[{"href":"https:\/\/www.europesays.com\/pt\/wp-json\/wp\/v2\/types\/post"}],"author":[{"embeddable":true,"href":"https:\/\/www.europesays.com\/pt\/wp-json\/wp\/v2\/users\/2"}],"replies":[{"embeddable":true,"href":"https:\/\/www.europesays.com\/pt\/wp-json\/wp\/v2\/comments?post=160196"}],"version-history":[{"count":0,"href":"https:\/\/www.europesays.com\/pt\/wp-json\/wp\/v2\/posts\/160196\/revisions"}],"wp:featuredmedia":[{"embeddable":true,"href":"https:\/\/www.europesays.com\/pt\/wp-json\/wp\/v2\/media\/160197"}],"wp:attachment":[{"href":"https:\/\/www.europesays.com\/pt\/wp-json\/wp\/v2\/media?parent=160196"}],"wp:term":[{"taxonomy":"category","embeddable":true,"href":"https:\/\/www.europesays.com\/pt\/wp-json\/wp\/v2\/categories?post=160196"},{"taxonomy":"post_tag","embeddable":true,"href":"https:\/\/www.europesays.com\/pt\/wp-json\/wp\/v2\/tags?post=160196"}],"curies":[{"name":"wp","href":"https:\/\/api.w.org\/{rel}","templated":true}]}}