{"id":160200,"date":"2025-11-21T16:35:12","date_gmt":"2025-11-21T16:35:12","guid":{"rendered":"https:\/\/www.europesays.com\/pt\/160200\/"},"modified":"2025-11-21T16:35:12","modified_gmt":"2025-11-21T16:35:12","slug":"billie-eilish-e-contra-multimilionarios-e-diz-lhes-onde-onde-deviam-usar-o-dinheiro-economia-negocios-e-financas","status":"publish","type":"post","link":"https:\/\/www.europesays.com\/pt\/160200\/","title":{"rendered":"Billie Eilish \u00e9 contra multimilion\u00e1rios e diz-lhes onde onde deviam usar o dinheiro | Economia, neg\u00f3cios e finan\u00e7as"},"content":{"rendered":"<p>Ouvimos falar muitas vezes de \u201cbillionaires\u201d. Mas, em portugu\u00eas de Portugal, ao contr\u00e1rio do que frequentemente se l\u00ea nas redes sociais (em frases como \u201ctaxem os bilion\u00e1rios\u201d ou \u201cos bilion\u00e1rios n\u00e3o deveriam existir\u201d), a palavra n\u00e3o se traduz para bilion\u00e1rio, mas sim para multimilion\u00e1rio \u2014 at\u00e9 porque (<a href=\"https:\/\/edition.cnn.com\/2025\/01\/19\/business\/trillionaire-net-worth-oxfam-report\" rel=\"nofollow noopener\" target=\"_blank\">ainda<\/a>) n\u00e3o existem pessoas com fortunas bilion\u00e1rias, embora o termo seja cada vez mais usado de forma figurada e informal.<\/p>\n<p>        &#13;<\/p>\n<p>&#13;<br \/>\n                &#13;\n            <\/p>\n<p>&#13;<\/p>\n<p>O \u201cbillion\u201d, em ingl\u00eas, refere-se a mil milh\u00f5es (10\u2079) em portugu\u00eas de Portugal. J\u00e1 um bili\u00e3o (10\u00b9\u00b2), em portugu\u00eas, \u00e9 um trillion, em ingl\u00eas.<\/p>\n<p>No \u00faltimo m\u00eas, Billie Eilish tem vindo a criticar os ultra-ricos por n\u00e3o usarem as fortunas para melhorar as condi\u00e7\u00f5es de vida no planeta.<\/p>\n<p>\u201cGosto muito de todos voc\u00eas, mas h\u00e1 aqui muita gente com mais dinheiro do que eu\u201d, atirou Billie Eilish no discurso que fez na cerim\u00f3nia dos Innovator Awards, no final de Outubro. Ao ser galardoada com um pr\u00e9mio de inova\u00e7\u00e3o na m\u00fasica, a cantora fez quest\u00e3o de desafiar os multimilion\u00e1rios: \u201cDoem o vosso dinheiro\u201d, encorajou. E acrescentou, num tom ir\u00f3nico: \u201cSe s\u00e3o multimilion\u00e1rios, s\u00e3o-no porqu\u00ea?\u201d.<\/p>\n<p>A<a href=\"https:\/\/www.publico.pt\/2023\/12\/29\/azul\/noticia\/populacao-mundial-cresce-75-milhoes-2023-supera-8-mil-milhoes-pessoas-janeiro-2075146\" rel=\"nofollow noopener\" target=\"_blank\"> popula\u00e7\u00e3o mundial superou os oito mil milh\u00f5es<\/a> de pessoas. Dessas, quase tr\u00eas mil s\u00e3o multimilion\u00e1rios. Os dados foram avan\u00e7ados pela Oxfam em Janeiro deste ano, e mostram que a riqueza combinada destas pessoas ronda os 14,6 bili\u00f5es (desta vez os doze zeros, ou seja, milh\u00f5es de milh\u00f5es) de euros. O estudo <a href=\"https:\/\/policy-practice.oxfam.org\/resources\/takers-not-makers-621668\/\" rel=\"nofollow noopener\" target=\"_blank\">Takers not Makers<\/a> apontou que \u201cse um dos dez multimilion\u00e1rios mais ricos perdesse 99% da sua fortuna de um dia para o outro continuaria a ser um multimilion\u00e1rio\u201d.<\/p>\n<p>    &#13;<\/p>\n<blockquote><p>&#13;<\/p>\n<p>&#13;<br \/>\n                1000000000&#13;<br \/>\n                O n\u00famero de euros, d\u00f3lares ou outra unidade monet\u00e1ria para ser multimilion\u00e1rio&#13;\n            <\/p>\n<p>&#13;\n        <\/p><\/blockquote>\n<p>&#13;<br \/>\n&#13;<br \/>\n        &#13;<\/p>\n<p>Durante o discurso que fez no \u00e2mbito dos pr\u00e9mios do Wall Street Journal, em Outubro, lembrou que \u201cestamos a passar por um momento mau no mundo\u201d e deixou um apelo: \u201cSe tiverem dinheiro, seria bom us\u00e1-lo para fazer o bem\u201d. Na plateia estava Mark Zuckerberg, o fundador da Meta que \u00e9 tamb\u00e9m um dos dez homens mais ricos do mundo.<\/p>\n<p>Billie Eilish tem um patrim\u00f3nio que ultrapassa os 50 milh\u00f5es de euros e prometeu doar cerca de 11 milh\u00f5es de d\u00f3lares (perto de dez milh\u00f5es de euros) a institui\u00e7\u00f5es, e quer que os multimilion\u00e1rios imitem o gesto.<\/p>\n<p>        &#13;<\/p>\n<p>&#13;<br \/>\n                &#13;\n            <\/p>\n<p>&#13;<\/p>\n<p>Algumas semanas depois, a cantora de 23 anos recorreu \u00e0s redes sociais para criticar directamente Elon Musk. A fortuna de Musk, que vem sobretudo da Tesla e da Space X, atingiu em Outubro deste ano os 500 mil milh\u00f5es de d\u00f3lares (cerca de 425 mil milh\u00f5es de euros).<\/p>\n<p>No Instagram partilhou poss\u00edveis formas de o multimilion\u00e1rio redistribuir a sua riqueza: tornar a \u00e1gua pot\u00e1vel acess\u00edvel universalmente com uma contribui\u00e7\u00e3o de 140 mil milh\u00f5es de d\u00f3lares por ano ou acabar com a fome num prazo de cinco anos, com 40 mil milh\u00f5es de d\u00f3lares por ano. O empres\u00e1rio n\u00e3o se absteve de responder. Na <a href=\"https:\/\/x.com\/elonmusk\/status\/1990600514699251871?ref_src=twsrc%5Etfw%7Ctwcamp%5Etweetembed%7Ctwterm%5E1990600514699251871%7Ctwgr%5E%7Ctwcon%5Es1_&amp;ref_url=about%3Asrcdoc\" rel=\"nofollow\">rede social X<\/a>, da qual \u00e9 propriet\u00e1rio, recorreu mais uma vez ao insulto, sem responder \u00e0s propostas. \u201cEla n\u00e3o \u00e9 a pessoa mais inteligente\u201d, escreveu.<\/p>\n<p>Mas Billie n\u00e3o \u00e9 a \u00fanica a defender um imposto especial <a href=\"https:\/\/www.publico.pt\/2024\/06\/27\/economia\/noticia\/brasil-desafia-g20-discutir-subida-impostos-superricos-2095390\" target=\"_blank\" rel=\"nofollow noopener\">sobre as maiores fortunas<\/a>, que at\u00e9 j\u00e1 existe em alguns pa\u00edses. Em Setembro, a Organiza\u00e7\u00e3o para a Coopera\u00e7\u00e3o e Desenvolvimento Econ\u00f3mico lan\u00e7ou um relat\u00f3rio que mostra que os impostos sobre rendimento e riqueza ajudam a combater desigualdades.<\/p>\n","protected":false},"excerpt":{"rendered":"Ouvimos falar muitas vezes de \u201cbillionaires\u201d. Mas, em portugu\u00eas de Portugal, ao contr\u00e1rio do que frequentemente se l\u00ea&hellip;\n","protected":false},"author":2,"featured_media":160201,"comment_status":"","ping_status":"","sticky":false,"template":"","format":"standard","meta":{"footnotes":""},"categories":[141],"tags":[476,584,114,115,34092,34093,149,150,851,534,542,52,32,33,291],"class_list":{"0":"post-160200","1":"post","2":"type-post","3":"status-publish","4":"format-standard","5":"has-post-thumbnail","7":"category-musica","8":"tag-economia","9":"tag-elon-musk","10":"tag-entertainment","11":"tag-entretenimento","12":"tag-grandes-empresas","13":"tag-interesse-humano","14":"tag-music","15":"tag-musica","16":"tag-negocios-e-financas","17":"tag-p3","18":"tag-para-redes","19":"tag-politica","20":"tag-portugal","21":"tag-pt","22":"tag-relaxar"},"share_on_mastodon":{"url":"https:\/\/pubeurope.com\/@pt\/115588662785833462","error":""},"_links":{"self":[{"href":"https:\/\/www.europesays.com\/pt\/wp-json\/wp\/v2\/posts\/160200","targetHints":{"allow":["GET"]}}],"collection":[{"href":"https:\/\/www.europesays.com\/pt\/wp-json\/wp\/v2\/posts"}],"about":[{"href":"https:\/\/www.europesays.com\/pt\/wp-json\/wp\/v2\/types\/post"}],"author":[{"embeddable":true,"href":"https:\/\/www.europesays.com\/pt\/wp-json\/wp\/v2\/users\/2"}],"replies":[{"embeddable":true,"href":"https:\/\/www.europesays.com\/pt\/wp-json\/wp\/v2\/comments?post=160200"}],"version-history":[{"count":0,"href":"https:\/\/www.europesays.com\/pt\/wp-json\/wp\/v2\/posts\/160200\/revisions"}],"wp:featuredmedia":[{"embeddable":true,"href":"https:\/\/www.europesays.com\/pt\/wp-json\/wp\/v2\/media\/160201"}],"wp:attachment":[{"href":"https:\/\/www.europesays.com\/pt\/wp-json\/wp\/v2\/media?parent=160200"}],"wp:term":[{"taxonomy":"category","embeddable":true,"href":"https:\/\/www.europesays.com\/pt\/wp-json\/wp\/v2\/categories?post=160200"},{"taxonomy":"post_tag","embeddable":true,"href":"https:\/\/www.europesays.com\/pt\/wp-json\/wp\/v2\/tags?post=160200"}],"curies":[{"name":"wp","href":"https:\/\/api.w.org\/{rel}","templated":true}]}}