{"id":160202,"date":"2025-11-21T16:37:24","date_gmt":"2025-11-21T16:37:24","guid":{"rendered":"https:\/\/www.europesays.com\/pt\/160202\/"},"modified":"2025-11-21T16:37:24","modified_gmt":"2025-11-21T16:37:24","slug":"cole-palmer-e-nao-so-as-lesoes-mais-idiotas-no-futebol-fotos","status":"publish","type":"post","link":"https:\/\/www.europesays.com\/pt\/160202\/","title":{"rendered":"Cole Palmer e n\u00e3o s\u00f3: as les\u00f5es mais idiotas no futebol (fotos)"},"content":{"rendered":"<p>                                                    <img decoding=\"async\" class=\"h-full w-full max-w-[1180px] select-none rounded-t object-contain object-center\" src=\"https:\/\/www.europesays.com\/pt\/wp-content\/uploads\/2025\/11\/20ce7569-afa9-407e-b2d7-48a305ac3d8e.jpeg\" alt=\"Cole Palmer\" x-show=\"imageGalleryOpened &amp;&amp; imageGalleryImageIndex == 1\"\/><\/p>\n<p>                                                    <img decoding=\"async\" class=\"h-full w-full max-w-[1180px] select-none rounded-t object-contain object-center\" src=\"https:\/\/www.europesays.com\/pt\/wp-content\/uploads\/2025\/11\/2d23fd7b-73ce-44fa-af7f-501eaba9a4c7.jpg\" alt=\"Nos anos 90, o guarda-redes Dave Beasant, ent\u00e3o no Southampton, fez uma rotura num tend\u00e3o ao tentar segurar um frasco de 2 quilos de molho de salada que caiu e se partiu. Dois meses de paragem\" x-show=\"imageGalleryOpened &amp;&amp; imageGalleryImageIndex == 2\"\/><\/p>\n<p>                                        \/ 13<\/p>\n<p>                                        Nos anos 90, o guarda-redes Dave Beasant, ent\u00e3o no Southampton, fez uma rotura num tend\u00e3o ao tentar segurar um frasco de 2 quilos de molho de salada que caiu e se partiu. Dois meses de paragem<\/p>\n<p>                                                    <img decoding=\"async\" class=\"h-full w-full max-w-[1180px] select-none rounded-t object-contain object-center\" src=\"https:\/\/www.europesays.com\/pt\/wp-content\/uploads\/2025\/11\/41e9a62d-8b3b-4a7b-8584-a8edb9e91f2d.jpg\" alt=\"Alan Wright, Aston Villa. O lateral-esquerdo, com 1,63 m, distendeu um m\u00fasculo do joelho no pedal do acelerador no novo Ferrari. Acabou por trocar por um Rover\" x-show=\"imageGalleryOpened &amp;&amp; imageGalleryImageIndex == 3\"\/><\/p>\n<p>                                        \/ 13<\/p>\n<p>                                        Alan Wright, Aston Villa. O lateral-esquerdo, com 1,63 m, distendeu um m\u00fasculo do joelho no pedal do acelerador no novo Ferrari. Acabou por trocar por um Rover<\/p>\n<p>                                                    <img decoding=\"async\" class=\"h-full w-full max-w-[1180px] select-none rounded-t object-contain object-center\" src=\"https:\/\/www.europesays.com\/pt\/wp-content\/uploads\/2025\/11\/bb47fc0e-02ff-4eb8-b60c-50ce037d0612.jpeg\" alt=\"Rio Ferdinand, Leeds. No in\u00edcio dos anos 2000, o defesa distendeu um tend\u00e3o na face posterior do joelho enquanto via televis\u00e3o com a perna apoiada numa mesa\" x-show=\"imageGalleryOpened &amp;&amp; imageGalleryImageIndex == 4\"\/><\/p>\n<p>                                        \/ 13<\/p>\n<p>                                        Rio Ferdinand, Leeds. No in\u00edcio dos anos 2000, o defesa distendeu um tend\u00e3o na face posterior do joelho enquanto via televis\u00e3o com a perna apoiada numa mesa<\/p>\n<p>                                                    <img decoding=\"async\" class=\"h-full w-full max-w-[1180px] select-none rounded-t object-contain object-center\" src=\"https:\/\/www.europesays.com\/pt\/wp-content\/uploads\/2025\/11\/264612b9-e127-4ee6-a578-0d521b877bc8.jpg\" alt=\"Carlo Cudicini, Chelsea. Em 2001, o guarda-redes lesionou-se num joelho a passear o c\u00e3o, quando este deu um pux\u00e3o violento na coleira. Teve de fazer uma pequena cirurgia\" x-show=\"imageGalleryOpened &amp;&amp; imageGalleryImageIndex == 5\"\/><\/p>\n<p>                                        \/ 13<\/p>\n<p>                                        Carlo Cudicini, Chelsea. Em 2001, o guarda-redes lesionou-se num joelho a passear o c\u00e3o, quando este deu um pux\u00e3o violento na coleira. Teve de fazer uma pequena cirurgia<\/p>\n<p>                                                    <img decoding=\"async\" class=\"h-full w-full max-w-[1180px] select-none rounded-t object-contain object-center\" src=\"https:\/\/www.europesays.com\/pt\/wp-content\/uploads\/2025\/11\/8c245f63-86eb-4cfc-a471-81dc144a55f1.jpg\" alt=\"Santiago Canizares, Val\u00eancia\/Espanha. J\u00e1 estava na concentra\u00e7\u00e3o com a sele\u00e7\u00e3o para o Mundial 2002 quando partir um frasco de aftershave no lavat\u00f3rio do quarto. Um peda\u00e7o de vidro caiu-lhe no p\u00e9, cortando um tend\u00e3o no dedo grande\" x-show=\"imageGalleryOpened &amp;&amp; imageGalleryImageIndex == 6\"\/><\/p>\n<p>                                        \/ 13<\/p>\n<p>                                        Santiago Canizares, Val\u00eancia\/Espanha. J\u00e1 estava na concentra\u00e7\u00e3o com a sele\u00e7\u00e3o para o Mundial 2002 quando partir um frasco de aftershave no lavat\u00f3rio do quarto. Um peda\u00e7o de vidro caiu-lhe no p\u00e9, cortando um tend\u00e3o no dedo grande<\/p>\n<p>                                                    <img decoding=\"async\" class=\"h-full w-full max-w-[1180px] select-none rounded-t object-contain object-center\" src=\"https:\/\/www.europesays.com\/pt\/wp-content\/uploads\/2025\/11\/f72866f4-8268-4bab-ac42-b62acc95df62.jpg\" alt=\"Rami Kaib, Heerenveen. Em 2021, o sueco teve de parar durante 5 semanas depois de uma fratura no maxilar a comer uma cenoura. Tinha tido recentemente uma les\u00e3o na cara\" x-show=\"imageGalleryOpened &amp;&amp; imageGalleryImageIndex == 7\"\/><\/p>\n<p>                                        \/ 13<\/p>\n<p>                                        Rami Kaib, Heerenveen. Em 2021, o sueco teve de parar durante 5 semanas depois de uma fratura no maxilar a comer uma cenoura. Tinha tido recentemente uma les\u00e3o na cara<\/p>\n<p>                                                    <img decoding=\"async\" class=\"h-full w-full max-w-[1180px] select-none rounded-t object-contain object-center\" src=\"https:\/\/www.europesays.com\/pt\/wp-content\/uploads\/2025\/11\/5ddc744c-8273-442a-a48f-1361376c064f.jpg\" alt=\"Kirk Broadfoot, Rangers. Em 2009, viu-se obrigado a parar depois de um ovo aquecido no microondas lhe ter 'explodido' na cara\" x-show=\"imageGalleryOpened &amp;&amp; imageGalleryImageIndex == 8\"\/><\/p>\n<p>                                        \/ 13<\/p>\n<p>                                        Kirk Broadfoot, Rangers. Em 2009, viu-se obrigado a parar depois de um ovo aquecido no microondas lhe ter &#8216;explodido&#8217; na cara<\/p>\n<p>                                                    <img decoding=\"async\" class=\"h-full w-full max-w-[1180px] select-none rounded-t object-contain object-center\" src=\"https:\/\/www.europesays.com\/pt\/wp-content\/uploads\/2025\/11\/471e4aca-4536-4889-8d0f-2726a0aa67bb.jpg\" alt=\"Liam Lawrence, Stoke City. Mais um incidente canino - o m\u00e9dio trope\u00e7ou no c\u00e3o labrador quando se levantou a meio da noite. Valeu um entorse no tornozelo\" x-show=\"imageGalleryOpened &amp;&amp; imageGalleryImageIndex == 9\"\/><\/p>\n<p>                                        \/ 13<\/p>\n<p>                                        Liam Lawrence, Stoke City. Mais um incidente canino &#8211; o m\u00e9dio trope\u00e7ou no c\u00e3o labrador quando se levantou a meio da noite. Valeu uma entorse no tornozelo<\/p>\n<p>                                                    <img decoding=\"async\" class=\"h-full w-full max-w-[1180px] select-none rounded-t object-contain object-center\" src=\"https:\/\/www.europesays.com\/pt\/wp-content\/uploads\/2025\/11\/952c0eae-531f-4325-afc3-1f14a4b0052b.jpg\" alt=\"David James. N\u00e3o uma, mas duas les\u00f5es ins\u00f3litas: lesionou um m\u00fasculo das costas ao esticar-se para alcan\u00e7ar o comando da televis\u00e3o. Pescador nas horas vagas, tamb\u00e9m sofreu um estiramento no ombro enquanto tentava puxar para fora de \u00e1gua um peixe\" x-show=\"imageGalleryOpened &amp;&amp; imageGalleryImageIndex == 10\"\/><\/p>\n<p>                                        \/ 13<\/p>\n<p>                                        David James. N\u00e3o uma, mas duas les\u00f5es ins\u00f3litas: lesionou um m\u00fasculo das costas ao esticar-se para alcan\u00e7ar o comando da televis\u00e3o. Pescador nas horas vagas, tamb\u00e9m sofreu um estiramento no ombro enquanto tentava puxar para fora de \u00e1gua um peixe<\/p>\n<p>                                                    <img decoding=\"async\" class=\"h-full w-full max-w-[1180px] select-none rounded-t object-contain object-center\" src=\"https:\/\/www.europesays.com\/pt\/wp-content\/uploads\/2025\/11\/05f64639-5a27-4254-96b4-771f99054c8d.jpg\" alt=\"Kasey Keller. O internacional norte-americano partiu os dentes da frente enquanto tirava os tacos de golfe da bagageira do carro\" x-show=\"imageGalleryOpened &amp;&amp; imageGalleryImageIndex == 11\"\/><\/p>\n<p>                                        \/ 13<\/p>\n<p>                                        Kasey Keller. O internacional norte-americano partiu os dentes da frente enquanto tirava os tacos de golfe da bagageira do carro.<\/p>\n<p>                                                    <img decoding=\"async\" class=\"h-full w-full max-w-[1180px] select-none rounded-t object-contain object-center\" src=\"https:\/\/www.europesays.com\/pt\/wp-content\/uploads\/2025\/11\/c616fb87-c19c-42e6-8986-e8ef67ca2f18.jpg\" alt=\"Charlie George, Arsenal. Em 1980, ficou parte de um dedo da m\u00e3o direita num acidente com um corta-relvas\" x-show=\"imageGalleryOpened &amp;&amp; imageGalleryImageIndex == 12\"\/><\/p>\n<p>                                        \/ 13<\/p>\n<p>                                        Charlie George, Arsenal. Em 1980, ficou sem parte de um dedo da m\u00e3o direita num acidente com um corta-relvas<\/p>\n<p>                                                    <img decoding=\"async\" class=\"h-full w-full max-w-[1180px] select-none rounded-t object-contain object-center\" src=\"https:\/\/www.europesays.com\/pt\/wp-content\/uploads\/2025\/11\/c6a51f5b-c17c-4e2b-90e8-cdda0fd553d0.jpg\" alt=\"Michael Stensgaard, Liverpool. Obrigado a retirar-se aos 26 anos, meses depois de contrato de sonho com o Liverpool, em 1994. O dinamarqu\u00eas nunca chegou a estrear-se ap\u00f3s les\u00e3o num ombro a fechar uma t\u00e1bua de engomar\" x-show=\"imageGalleryOpened &amp;&amp; imageGalleryImageIndex == 13\"\/><\/p>\n<p>                                        \/ 13<\/p>\n<p>                                        Michael Stensgaard, Liverpool. Obrigado a retirar-se aos 26 anos, meses depois de contrato de sonho com o Liverpool, em 1994. O dinamarqu\u00eas nunca chegou a estrear-se ap\u00f3s les\u00e3o num ombro a fechar uma t\u00e1bua de engomar<\/p>\n","protected":false},"excerpt":{"rendered":"\/ 13 Nos anos 90, o guarda-redes Dave Beasant, ent\u00e3o no Southampton, fez uma rotura num tend\u00e3o ao&hellip;\n","protected":false},"author":2,"featured_media":160203,"comment_status":"","ping_status":"","sticky":false,"template":"","format":"standard","meta":{"footnotes":""},"categories":[87],"tags":[135,32,33,134],"class_list":{"0":"post-160202","1":"post","2":"type-post","3":"status-publish","4":"format-standard","5":"has-post-thumbnail","7":"category-desporto","8":"tag-desporto","9":"tag-portugal","10":"tag-pt","11":"tag-sports"},"share_on_mastodon":{"url":"https:\/\/pubeurope.com\/@pt\/115588671460248775","error":""},"_links":{"self":[{"href":"https:\/\/www.europesays.com\/pt\/wp-json\/wp\/v2\/posts\/160202","targetHints":{"allow":["GET"]}}],"collection":[{"href":"https:\/\/www.europesays.com\/pt\/wp-json\/wp\/v2\/posts"}],"about":[{"href":"https:\/\/www.europesays.com\/pt\/wp-json\/wp\/v2\/types\/post"}],"author":[{"embeddable":true,"href":"https:\/\/www.europesays.com\/pt\/wp-json\/wp\/v2\/users\/2"}],"replies":[{"embeddable":true,"href":"https:\/\/www.europesays.com\/pt\/wp-json\/wp\/v2\/comments?post=160202"}],"version-history":[{"count":0,"href":"https:\/\/www.europesays.com\/pt\/wp-json\/wp\/v2\/posts\/160202\/revisions"}],"wp:featuredmedia":[{"embeddable":true,"href":"https:\/\/www.europesays.com\/pt\/wp-json\/wp\/v2\/media\/160203"}],"wp:attachment":[{"href":"https:\/\/www.europesays.com\/pt\/wp-json\/wp\/v2\/media?parent=160202"}],"wp:term":[{"taxonomy":"category","embeddable":true,"href":"https:\/\/www.europesays.com\/pt\/wp-json\/wp\/v2\/categories?post=160202"},{"taxonomy":"post_tag","embeddable":true,"href":"https:\/\/www.europesays.com\/pt\/wp-json\/wp\/v2\/tags?post=160202"}],"curies":[{"name":"wp","href":"https:\/\/api.w.org\/{rel}","templated":true}]}}