{"id":160204,"date":"2025-11-21T16:38:12","date_gmt":"2025-11-21T16:38:12","guid":{"rendered":"https:\/\/www.europesays.com\/pt\/160204\/"},"modified":"2025-11-21T16:38:12","modified_gmt":"2025-11-21T16:38:12","slug":"mudar-habitos-pode-prevenir-cancer-de-figado-21-11-2025-equilibrio-e-saude","status":"publish","type":"post","link":"https:\/\/www.europesays.com\/pt\/160204\/","title":{"rendered":"Mudar h\u00e1bitos pode prevenir c\u00e2ncer de f\u00edgado &#8211; 21\/11\/2025 &#8211; Equil\u00edbrio e Sa\u00fade"},"content":{"rendered":"<p>Um relat\u00f3rio recente da <a href=\"https:\/\/www.thelancet.com\/journals\/lancet\/article\/PIIS0140-6736(25)01042-6\/abstract\" rel=\"nofollow noopener\" target=\"_blank\">Lancet Commission<\/a> sobre carcinoma hepatocelular, principal tipo de <a href=\"https:\/\/www1.folha.uol.com.br\/folha-topicos\/cancer\/\" rel=\"nofollow noopener\" target=\"_blank\">c\u00e2ncer<\/a> de f\u00edgado, revela que at\u00e9 60% dos casos da doen\u00e7a poderiam ser prevenidos com o controle de fatores de risco como obesidade,<a href=\"https:\/\/www1.folha.uol.com.br\/equilibrioesaude\/2023\/07\/so-1-em-cada-4-pessoas-com-hepatite-b-no-brasil-sabe-que-tem-a-doenca.shtml\" rel=\"nofollow noopener\" target=\"\"> hepatites B<\/a> e <a href=\"https:\/\/www1.folha.uol.com.br\/fsp\/cotidian\/ff15069827.htm\" rel=\"nofollow noopener\" target=\"\">C<\/a> e consumo excessivo de \u00e1lcool.<\/p>\n<p>O <a href=\"https:\/\/www1.folha.uol.com.br\/equilibrioesaude\/2025\/07\/se-nada-for-feito-mortes-anuais-por-cancer-de-figado-podem-chegar-a-137-milhao-em-2050-alerta-relatorio.shtml\" rel=\"nofollow noopener\" target=\"\">c\u00e2ncer de f\u00edgado<\/a> \u00e9 hoje o sexto tipo de tumor mais comum no mundo, mas j\u00e1 ocupa a terceira posi\u00e7\u00e3o entre as principais causas de morte por c\u00e2ncer. Segundo o levantamento, o n\u00famero de novos casos dever\u00e1 quase dobrar at\u00e9 2050, saltando dos atuais 870 mil diagn\u00f3sticos anuais para cerca de 1,5 milh\u00e3o nas pr\u00f3ximas d\u00e9cadas.<\/p>\n<p>Diante desse cen\u00e1rio, o relat\u00f3rio prop\u00f5e metas globais para conter o avan\u00e7o da doen\u00e7a. Entre as recomenda\u00e7\u00f5es est\u00e3o a amplia\u00e7\u00e3o de campanhas de conscientiza\u00e7\u00e3o sobre os fatores de risco, o fortalecimento de programas de vacina\u00e7\u00e3o e<a href=\"https:\/\/www1.folha.uol.com.br\/equilibrioesaude\/2024\/07\/como-se-proteger-contra-a-hepatite.shtml\" rel=\"nofollow noopener\" target=\"\"> diagn\u00f3stico precoce para hepatites virais,<\/a> al\u00e9m da melhoria no acesso a tratamentos eficazes.<\/p>\n<p>Atualmente, as principais causas do c\u00e2ncer de f\u00edgado s\u00e3o as hepatites virais B e C, o <a href=\"https:\/\/www1.folha.uol.com.br\/equilibrioesaude\/2025\/10\/reduzir-uma-dose-de-alcool-por-dia-evitaria-157-mil-casos-de-cancer-no-brasil-ate-2050.shtml\" rel=\"nofollow noopener\" target=\"\">consumo excessivo de \u00e1lcool <\/a>e a esteatose hep\u00e1tica, condi\u00e7\u00e3o caracterizada pelo ac\u00famulo de gordura no f\u00edgado.<\/p>\n<p>Esse c\u00e2ncer costuma surgir, em sua maioria, em pacientes que j\u00e1 t\u00eam ou tiveram <a href=\"https:\/\/www1.folha.uol.com.br\/equilibrioesaude\/2023\/08\/bebidas-acucaradas-elevam-risco-de-mortalidade-por-cancer-de-figado-diz-estudo.shtml\" rel=\"nofollow noopener\" target=\"\">outras condi\u00e7\u00f5es hep\u00e1ticas.<\/a> &#8220;No passado, a maioria dos casos estava relacionada \u00e0 hepatite C ou \u00e0 cirrose causada pelo consumo excessivo de \u00e1lcool. No entanto, com a amplia\u00e7\u00e3o dos programas de preven\u00e7\u00e3o \u2014como a testagem de sangue antes de transfus\u00f5es \u2014e a incorpora\u00e7\u00e3o de tratamentos altamente eficazes contra a hepatite C no SUS, esses casos t\u00eam se tornado menos frequentes&#8221;, explica o oncologista Diogo Bugano, do Einstein Hospital Israelita.<\/p>\n<p>Em contrapartida, os diagn\u00f3sticos associados \u00e0<a href=\"https:\/\/www1.folha.uol.com.br\/equilibrioesaude\/2025\/05\/gordura-no-figado-preocupa-62-dos-brasileiros-mas-conhecimento-sobre-diagnostico-ainda-e-limitado-diz-datafolha.shtml\" rel=\"nofollow noopener\" target=\"\"> esteatose hep\u00e1tica<\/a> v\u00eam aumentando, impulsionados principalmente pela alta nos \u00edndices de obesidade. O estilo de vida n\u00e3o \u00e9 o \u00fanico fator determinante, mas tamb\u00e9m influencia. &#8220;Sabemos que obesidade, diabetes, tabagismo e consumo de \u00e1lcool aumentam o risco de sua ocorr\u00eancia&#8221;, adverte o gastroenterologista e hepatologista Guilherme Felga, tamb\u00e9m do Einstein.<\/p>\n<p>Segundo Felga, com tratamentos altamente eficazes para a hepatite C e vacinas dispon\u00edveis para a hepatite B, a tend\u00eancia \u00e9 de que essas doen\u00e7as percam relev\u00e2ncia nos pr\u00f3ximos anos como causas de cirrose e c\u00e2ncer de f\u00edgado. Por outro lado, \u00e9 prov\u00e1vel que a esteatose hep\u00e1tica passe a ser a principal causa desses tumores.<\/p>\n<p>Sintomas e preven\u00e7\u00e3o<\/p>\n<p>O c\u00e2ncer de f\u00edgado surge geralmente de forma lenta, a partir de doen\u00e7as hep\u00e1ticas cr\u00f4nicas que podem <a href=\"https:\/\/www1.folha.uol.com.br\/equilibrioesaude\/2022\/10\/exame-que-avalia-gordura-no-figado-pode-ajudar-na-prevencao-de-cirrose-nao-alcoolica.shtml\" rel=\"nofollow noopener\" target=\"\">evoluir para cirrose<\/a>. Por isso, h\u00e1 uma importante janela para preven\u00e7\u00e3o, com medidas como vacina\u00e7\u00e3o contra hepatite B, tratamento da hepatite C, al\u00e9m de h\u00e1bitos saud\u00e1veis \u2014principalmente evitar \u00e1lcool e tabaco, praticar atividade f\u00edsica e manter alimenta\u00e7\u00e3o equilibrada.<\/p>\n<p>Por ser uma doen\u00e7a silenciosa, e muitas vezes assintom\u00e1tica at\u00e9 fases avan\u00e7adas, o diagn\u00f3stico precoce depende do reconhecimento dos fatores de risco e da realiza\u00e7\u00e3o peri\u00f3dica de exames de rastreamento, especialmente em pessoas com cirrose ou hepatite B. &#8220;O grande problema \u00e9 que essas doen\u00e7as tamb\u00e9m s\u00e3o silenciosas at\u00e9 fases avan\u00e7adas, por isso \u00e9 fundamental ficar atento a pequenos sinais de sua presen\u00e7a ao longo do tempo, quer seja por sintomas \u00e0s vezes inespec\u00edficos, quer seja por altera\u00e7\u00f5es em exames de rotina&#8221;, diz Felga.<\/p>\n<p>O diagn\u00f3stico precoce do c\u00e2ncer depende da identifica\u00e7\u00e3o antecipada da cirrose. &#8220;Pacientes com hist\u00f3ria de consumo frequente de \u00e1lcool, infec\u00e7\u00e3o pelo v\u00edrus da hepatite B ou C ou s\u00edndrome metab\u00f3lica devem fazer ao menos uma ultrassonografia de f\u00edgado para avaliar risco de cirrose&#8221;, orienta Bugano.<\/p>\n<p>Algumas<a href=\"https:\/\/www1.folha.uol.com.br\/equilibrioesaude\/2025\/07\/cinco-habitos-comuns-que-podem-estar-prejudicando-seu-figado.shtml\" rel=\"nofollow noopener\" target=\"\"> altera\u00e7\u00f5es nos exames de sangue podem servir de alerta<\/a>, como o aumento dos n\u00edveis das enzimas hep\u00e1ticas TGO e TGP e a queda dos n\u00edveis de plaquetas. &#8220;Em um paciente que sabidamente tem cirrose, o recomendado \u00e9 realizar ultrassom do f\u00edgado a cada seis meses&#8221;, adverte Bugano. Quando o diagn\u00f3stico \u00e9 feito em fases iniciais, h\u00e1 possibilidade de cura com a retirada ou destrui\u00e7\u00e3o completa dos n\u00f3dulos.<\/p>\n<p>O tratamento do c\u00e2ncer de f\u00edgado varia conforme o grau de comprometimento do \u00f3rg\u00e3o e o est\u00e1gio do tumor \u2014 considerando tamanho, n\u00famero de les\u00f5es e localiza\u00e7\u00e3o. As op\u00e7\u00f5es v\u00e3o desde procedimentos minimamente invasivos at\u00e9 cirurgia, terapias sist\u00eamicas (como imunoterapia e terapia molecular) e, em alguns casos, <a href=\"https:\/\/www1.folha.uol.com.br\/equilibrioesaude\/2025\/10\/homem-descobre-cancer-metastatico-apos-transplante-de-figado.shtml\" rel=\"nofollow noopener\" target=\"\">transplante<\/a>. &#8220;O desafio \u00e9 que a maioria dos pacientes tem cirrose e, por isso, o f\u00edgado n\u00e3o tolera uma cirurgia ou outros procedimentos agressivos. Para esses, a op\u00e7\u00e3o curativa \u00e9 o transplante hep\u00e1tico&#8221;, afirma o oncologista.<\/p>\n<p>    Cuide-se<\/p>\n<p class=\"c-newsletter__subtitle\">Ci\u00eancia, h\u00e1bitos e preven\u00e7\u00e3o numa newsletter para a sua sa\u00fade e bem-estar<\/p>\n","protected":false},"excerpt":{"rendered":"Um relat\u00f3rio recente da Lancet Commission sobre carcinoma hepatocelular, principal tipo de c\u00e2ncer de f\u00edgado, revela que at\u00e9&hellip;\n","protected":false},"author":2,"featured_media":160205,"comment_status":"","ping_status":"","sticky":false,"template":"","format":"standard","meta":{"footnotes":""},"categories":[86],"tags":[6245,1031,1776,109,1029,236,116,2196,1208,32,33,2197,2198,117,23076],"class_list":{"0":"post-160204","1":"post","2":"type-post","3":"status-publish","4":"format-standard","5":"has-post-thumbnail","7":"category-saude","8":"tag-agencia-einstein","9":"tag-autocuidado","10":"tag-cancer","11":"tag-ciencia","12":"tag-cuide-se","13":"tag-folha","14":"tag-health","15":"tag-leucemia","16":"tag-medicina","17":"tag-portugal","18":"tag-pt","19":"tag-quimioterapia","20":"tag-radioterapia","21":"tag-saude","22":"tag-the-lancet"},"share_on_mastodon":{"url":"https:\/\/pubeurope.com\/@pt\/115588674608581425","error":""},"_links":{"self":[{"href":"https:\/\/www.europesays.com\/pt\/wp-json\/wp\/v2\/posts\/160204","targetHints":{"allow":["GET"]}}],"collection":[{"href":"https:\/\/www.europesays.com\/pt\/wp-json\/wp\/v2\/posts"}],"about":[{"href":"https:\/\/www.europesays.com\/pt\/wp-json\/wp\/v2\/types\/post"}],"author":[{"embeddable":true,"href":"https:\/\/www.europesays.com\/pt\/wp-json\/wp\/v2\/users\/2"}],"replies":[{"embeddable":true,"href":"https:\/\/www.europesays.com\/pt\/wp-json\/wp\/v2\/comments?post=160204"}],"version-history":[{"count":0,"href":"https:\/\/www.europesays.com\/pt\/wp-json\/wp\/v2\/posts\/160204\/revisions"}],"wp:featuredmedia":[{"embeddable":true,"href":"https:\/\/www.europesays.com\/pt\/wp-json\/wp\/v2\/media\/160205"}],"wp:attachment":[{"href":"https:\/\/www.europesays.com\/pt\/wp-json\/wp\/v2\/media?parent=160204"}],"wp:term":[{"taxonomy":"category","embeddable":true,"href":"https:\/\/www.europesays.com\/pt\/wp-json\/wp\/v2\/categories?post=160204"},{"taxonomy":"post_tag","embeddable":true,"href":"https:\/\/www.europesays.com\/pt\/wp-json\/wp\/v2\/tags?post=160204"}],"curies":[{"name":"wp","href":"https:\/\/api.w.org\/{rel}","templated":true}]}}