{"id":160234,"date":"2025-11-21T17:12:12","date_gmt":"2025-11-21T17:12:12","guid":{"rendered":"https:\/\/www.europesays.com\/pt\/160234\/"},"modified":"2025-11-21T17:12:12","modified_gmt":"2025-11-21T17:12:12","slug":"ministro-de-tuvalu-convida-cepticos-do-clima-a-viver-no-pais-em-risco-de-desaparecer-cop30","status":"publish","type":"post","link":"https:\/\/www.europesays.com\/pt\/160234\/","title":{"rendered":"Ministro de Tuvalu convida c\u00e9pticos do clima a viver no pa\u00eds em risco de desaparecer | COP30"},"content":{"rendered":"<p>Maina Talia, o ministro do Interior, Mudan\u00e7as Clim\u00e1ticas e Ambiente de Tuvalu, convidou aqueles que negam as altera\u00e7\u00f5es clim\u00e1ticas a mudarem-se para o seu pa\u00eds e viverem a realidade de um Estado onde 60% do territ\u00f3rio est\u00e1 sob amea\u00e7a de ficar submerso at\u00e9 2050.<\/p>\n<p>\u201cPara n\u00f3s, [a mudan\u00e7a clim\u00e1tica] \u00e9 uma realidade vivida. E se algu\u00e9m disser que n\u00e3o acredita nas altera\u00e7\u00f5es clim\u00e1ticas, eu convid\u00e1-lo-ia a vir ficar comigo em Tuvalu e ver qu\u00e3o corajoso consegue ser perante essa realidade\u201d, disse Maina Talia, sem nomear directamente o Presidente norte-americano, Donald Trump, que classificou as mudan\u00e7as clim\u00e1ticas como <a href=\"https:\/\/www.publico.pt\/2023\/09\/26\/impar\/opiniao\/nao-alteracoes-climaticas-nao-sao-invencao-chineses-2064551\" rel=\"nofollow noopener\" target=\"_blank\">\u201ca maior farsa\u201d <\/a>do mundo.<\/p>\n<p>O ministro, que falava a jornalistas portugueses em Bel\u00e9m, no Brasil, num evento \u00e0 margem da 30.\u00aa cimeira do clima das Na\u00e7\u00f5es Unidas (COP30), a decorrer na cidade amaz\u00f3nica at\u00e9 sexta-feira, explicou que o pa\u00eds onde vive tem apenas 26 quil\u00f3metros quadrados de terra, pouco mais de dois metros de altitude (sem montanhas nem rios) e que nele vivem cerca de 10 mil pessoas.<\/p>\n<p>O arquip\u00e9lago tem testemunhado mudan\u00e7as nos padr\u00f5es clim\u00e1ticos, mas n\u00e3o s\u00f3: \u201cO mar est\u00e1 a borbulhar do subsolo e tamb\u00e9m a entrar pelos lados &#8211; e <a href=\"https:\/\/www.publico.pt\/2025\/07\/23\/azul\/noticia\/80-residentes-tuvalu-pediram-visto-australia-2141421\" rel=\"nofollow noopener\" target=\"_blank\">como n\u00e3o h\u00e1 para onde subir<\/a>, torna tudo ainda mais dif\u00edcil\u201d, disse Maina Talia.\u201cA maior parte das ilhas de Tuvalu s\u00e3o apenas tiras de terra. A grande quest\u00e3o \u00e9: quanto tempo temos at\u00e9 termos de nos realocar?\u201d<\/p>\n<p>De acordo com as previs\u00f5es, Tuvalu ser\u00e1 o primeiro pa\u00eds a ficar submerso, o que poder\u00e1 acontecer daqui a 50 anos, se nada for feito para alterar o rumo actual, mas Maina Talia diz que o pa\u00eds continuar\u00e1 a lutar, com a coragem do povo e com a combatividade dos pol\u00edticos.<\/p>\n<p>O governante tuvaluano lamentou que os Estados Unidos tenham abandonado pela segunda vez o Acordo de Paris, mas manifestou gratid\u00e3o pelo resto do mundo se manter unido: \u201cA decis\u00e3o de um s\u00f3 pa\u00eds n\u00e3o se compara ao esfor\u00e7o do mundo inteiro.\u201d<\/p>\n<p>Prometeu \u201clutar at\u00e9 ao fim\u201d e continuar a responsabilizar os pa\u00edses poluidores para travar as altera\u00e7\u00f5es clim\u00e1ticas que amea\u00e7am fazer submergir o arquip\u00e9lago.<\/p>\n<p>Ministro lamenta postura do Ocidente<\/p>\n<p>\u201cO que n\u00f3s, como pol\u00edticos, estamos a fazer \u00e9 lutar at\u00e9 ao fim\u201d, afirmou Maina Talia. \u201cQueremos continuar a responsabilizar os pa\u00edses, porque o nosso contributo para a quest\u00e3o das altera\u00e7\u00f5es clim\u00e1ticas \u00e9 de 0,00001%, e no entanto estamos a sofrer o custo dos pa\u00edses emissores. \u00c9 muito injusto e inaceit\u00e1vel.\u201d<\/p>\n<p>Maina Talia reconheceu que combater as altera\u00e7\u00f5es clim\u00e1ticas implica desafiar modos de vida, ao pedir a elimina\u00e7\u00e3o dos combust\u00edveis f\u00f3sseis, mas considerou tratar-se de uma obriga\u00e7\u00e3o moral.<\/p>\n<p>\u201cAs altera\u00e7\u00f5es clim\u00e1ticas devem ser encaradas sob uma lente moral. Sabemos o que fazer e quais as solu\u00e7\u00f5es e mesmo assim, tudo se resume a pol\u00edtica, economia e acumula\u00e7\u00e3o de riqueza\u201d, lamentou Maina Talia. \u201cPara n\u00f3s, \u00e9 sobreviv\u00eancia; para o Ocidente, \u00e9 economia.\u201d<\/p>\n<p>        &#13;<\/p>\n<p>&#13;<br \/>\n                &#13;\n            <\/p>\n<p>&#13;<\/p>\n<p>Sobre a COP30, prevista para terminar esta sexta-feira em Bel\u00e9m &#8211; capital do estado brasileiro do Par\u00e1 e porta de entrada na Amaz\u00f3nia -, Maina Talia elogiou a organiza\u00e7\u00e3o brasileira pela inclus\u00e3o dos povos ind\u00edgenas e pela protec\u00e7\u00e3o das florestas, mas reconheceu que o processo das Na\u00e7\u00f5es Unidas \u201c\u00e9 sempre o mesmo: complexo e dif\u00edcil de navegar\u201d. <\/p>\n<p>Lamentou tamb\u00e9m que a escolha do anfitri\u00e3o da pr\u00f3xima cimeira do clima, em 2026, tenha reca\u00eddo na Turquia e n\u00e3o na Austr\u00e1lia, que tamb\u00e9m concorria para acolher a COP31, o que teria um valor simb\u00f3lico por levar as discuss\u00f5es do clima para o Pac\u00edfico.<\/p>\n<p>\u201cO lado positivo \u00e9 que a Austr\u00e1lia <a href=\"https:\/\/www.publico.pt\/2025\/11\/19\/azul\/noticia\/turquia-acolhe-cop31-australia-vai-liderar-negociacoes-2155296\" rel=\"nofollow noopener\" target=\"_blank\">ter\u00e1<\/a> a presid\u00eancia das negocia\u00e7\u00f5es (&#8230;), a pr\u00e9-COP [reuni\u00e3o pr\u00e9via \u00e0 cimeira do clima] ser\u00e1 no Pac\u00edfico. Isso \u00e9 muito importante para n\u00f3s\u201d, afirmou, defendendo que o tema da pr\u00f3xima COP deve mesmo ser o oceano e antecipando que, com a Austr\u00e1lia a liderar as negocia\u00e7\u00f5es, o Pac\u00edfico ter\u00e1 espa\u00e7o p\u00f4r o tema na agenda.<\/p>\n","protected":false},"excerpt":{"rendered":"Maina Talia, o ministro do Interior, Mudan\u00e7as Clim\u00e1ticas e Ambiente de Tuvalu, convidou aqueles que negam as altera\u00e7\u00f5es&hellip;\n","protected":false},"author":2,"featured_media":160235,"comment_status":"","ping_status":"","sticky":false,"template":"","format":"standard","meta":{"footnotes":""},"categories":[50],"tags":[2335,964,785,27,28,2271,6391,15,16,14,25,26,21,22,62,12,13,19,20,23,24,17,18,2338,29,30,31,63,64,65],"class_list":{"0":"post-160234","1":"post","2":"type-post","3":"status-publish","4":"format-standard","5":"has-post-thumbnail","7":"category-mundo","8":"tag-alteracoes-climaticas","9":"tag-ambiente","10":"tag-azul","11":"tag-breaking-news","12":"tag-breakingnews","13":"tag-clima","14":"tag-cop30","15":"tag-featured-news","16":"tag-featurednews","17":"tag-headlines","18":"tag-latest-news","19":"tag-latestnews","20":"tag-main-news","21":"tag-mainnews","22":"tag-mundo","23":"tag-news","24":"tag-noticias","25":"tag-noticias-principais","26":"tag-noticiasprincipais","27":"tag-principais-noticias","28":"tag-principaisnoticias","29":"tag-top-stories","30":"tag-topstories","31":"tag-tuvalu","32":"tag-ultimas","33":"tag-ultimas-noticias","34":"tag-ultimasnoticias","35":"tag-world","36":"tag-world-news","37":"tag-worldnews"},"share_on_mastodon":{"url":"https:\/\/pubeurope.com\/@pt\/115588808462081813","error":""},"_links":{"self":[{"href":"https:\/\/www.europesays.com\/pt\/wp-json\/wp\/v2\/posts\/160234","targetHints":{"allow":["GET"]}}],"collection":[{"href":"https:\/\/www.europesays.com\/pt\/wp-json\/wp\/v2\/posts"}],"about":[{"href":"https:\/\/www.europesays.com\/pt\/wp-json\/wp\/v2\/types\/post"}],"author":[{"embeddable":true,"href":"https:\/\/www.europesays.com\/pt\/wp-json\/wp\/v2\/users\/2"}],"replies":[{"embeddable":true,"href":"https:\/\/www.europesays.com\/pt\/wp-json\/wp\/v2\/comments?post=160234"}],"version-history":[{"count":0,"href":"https:\/\/www.europesays.com\/pt\/wp-json\/wp\/v2\/posts\/160234\/revisions"}],"wp:featuredmedia":[{"embeddable":true,"href":"https:\/\/www.europesays.com\/pt\/wp-json\/wp\/v2\/media\/160235"}],"wp:attachment":[{"href":"https:\/\/www.europesays.com\/pt\/wp-json\/wp\/v2\/media?parent=160234"}],"wp:term":[{"taxonomy":"category","embeddable":true,"href":"https:\/\/www.europesays.com\/pt\/wp-json\/wp\/v2\/categories?post=160234"},{"taxonomy":"post_tag","embeddable":true,"href":"https:\/\/www.europesays.com\/pt\/wp-json\/wp\/v2\/tags?post=160234"}],"curies":[{"name":"wp","href":"https:\/\/api.w.org\/{rel}","templated":true}]}}