{"id":160236,"date":"2025-11-21T17:13:11","date_gmt":"2025-11-21T17:13:11","guid":{"rendered":"https:\/\/www.europesays.com\/pt\/160236\/"},"modified":"2025-11-21T17:13:11","modified_gmt":"2025-11-21T17:13:11","slug":"cafe-desodorizantes-ou-chocolates-rede-lucrava-milhares-de-euros-a-furtar-supermercados","status":"publish","type":"post","link":"https:\/\/www.europesays.com\/pt\/160236\/","title":{"rendered":"Caf\u00e9, desodorizantes ou chocolates. Rede lucrava milhares de euros a furtar supermercados"},"content":{"rendered":"<p data-remotead-prev-elm=\"true\" data-remotead-elm-id=\"inread\">Durante a opera\u00e7\u00e3o &#8220;Mochila M\u00e1gica&#8221; foram detidos seis homens e duas mulheres, com idades entre os 19 e 65 anos, apreendidos valores superiores a 70 mil euros em numer\u00e1rio e penhoradas diversas contas dos suspeitos, que ascendem a centenas de milhares de euros.<\/p>\n<p>Foram ainda apreendidos mais de dois quilos em artigos de ouro e milhares de artigos de higiene pessoal, bebidas alco\u00f3licas e diversos bens alimentares, avaliados em mais de 90 mil euros.<\/p>\n<p>&#8220;Esta investiga\u00e7\u00e3o, que teve uma dura\u00e7\u00e3o de cerca de 13 meses, permitiu apurar a exist\u00eancia de uma estrutura organizada, composta por indiv\u00edduos respons\u00e1veis pela subtra\u00e7\u00e3o sistem\u00e1tica de artigos em grandes superf\u00edcies comerciais e por outros dedicados ao recebimento, transporte e escoamento do material furtado, posteriormente revendido em lojas e mercados de rua&#8221;, indica a GNR.<\/p>\n<p data-remotead-prev-elm=\"true\" data-remotead-elm-id=\"centro1\">Segundo a GNR, a opera\u00e7\u00e3o teve in\u00edcio com a monitoriza\u00e7\u00e3o de um primeiro n\u00facleo do grupo, cujos elementos j\u00e1 se encontravam referenciados pela pr\u00e1tica de m\u00faltiplos furtos em supermercados.<\/p>\n<p>Os furtos foram realizados de norte a sul do pa\u00eds por uma rede estabelecida em Lisboa.<\/p>\n<p>&#8220;Dada a centraliza\u00e7\u00e3o da investiga\u00e7\u00e3o, foi poss\u00edvel determinar o canal de escoamento dos produtos furtados que, \u00e0 posteriori, eram revendidos no com\u00e9rcio tradicional&#8221; indica a Guarda.<\/p>\n","protected":false},"excerpt":{"rendered":"Durante a opera\u00e7\u00e3o &#8220;Mochila M\u00e1gica&#8221; foram detidos seis homens e duas mulheres, com idades entre os 19 e&hellip;\n","protected":false},"author":2,"featured_media":160237,"comment_status":"","ping_status":"","sticky":false,"template":"","format":"standard","meta":{"footnotes":""},"categories":[10],"tags":[27,28,15,16,23160,2002,29128,14,25,26,21,22,12,13,19,20,32,23,24,33,34101,17,18,29,30,31],"class_list":{"0":"post-160236","1":"post","2":"type-post","3":"status-publish","4":"format-standard","5":"has-post-thumbnail","7":"category-portugal","8":"tag-breaking-news","9":"tag-breakingnews","10":"tag-featured-news","11":"tag-featurednews","12":"tag-furtos","13":"tag-gnr","14":"tag-guarda-nacional-republicana","15":"tag-headlines","16":"tag-latest-news","17":"tag-latestnews","18":"tag-main-news","19":"tag-mainnews","20":"tag-news","21":"tag-noticias","22":"tag-noticias-principais","23":"tag-noticiasprincipais","24":"tag-portugal","25":"tag-principais-noticias","26":"tag-principaisnoticias","27":"tag-pt","28":"tag-rede-criminosa","29":"tag-top-stories","30":"tag-topstories","31":"tag-ultimas","32":"tag-ultimas-noticias","33":"tag-ultimasnoticias"},"share_on_mastodon":{"url":"https:\/\/pubeurope.com\/@pt\/115588812389846303","error":""},"_links":{"self":[{"href":"https:\/\/www.europesays.com\/pt\/wp-json\/wp\/v2\/posts\/160236","targetHints":{"allow":["GET"]}}],"collection":[{"href":"https:\/\/www.europesays.com\/pt\/wp-json\/wp\/v2\/posts"}],"about":[{"href":"https:\/\/www.europesays.com\/pt\/wp-json\/wp\/v2\/types\/post"}],"author":[{"embeddable":true,"href":"https:\/\/www.europesays.com\/pt\/wp-json\/wp\/v2\/users\/2"}],"replies":[{"embeddable":true,"href":"https:\/\/www.europesays.com\/pt\/wp-json\/wp\/v2\/comments?post=160236"}],"version-history":[{"count":0,"href":"https:\/\/www.europesays.com\/pt\/wp-json\/wp\/v2\/posts\/160236\/revisions"}],"wp:featuredmedia":[{"embeddable":true,"href":"https:\/\/www.europesays.com\/pt\/wp-json\/wp\/v2\/media\/160237"}],"wp:attachment":[{"href":"https:\/\/www.europesays.com\/pt\/wp-json\/wp\/v2\/media?parent=160236"}],"wp:term":[{"taxonomy":"category","embeddable":true,"href":"https:\/\/www.europesays.com\/pt\/wp-json\/wp\/v2\/categories?post=160236"},{"taxonomy":"post_tag","embeddable":true,"href":"https:\/\/www.europesays.com\/pt\/wp-json\/wp\/v2\/tags?post=160236"}],"curies":[{"name":"wp","href":"https:\/\/api.w.org\/{rel}","templated":true}]}}