{"id":160238,"date":"2025-11-21T17:14:15","date_gmt":"2025-11-21T17:14:15","guid":{"rendered":"https:\/\/www.europesays.com\/pt\/160238\/"},"modified":"2025-11-21T17:14:15","modified_gmt":"2025-11-21T17:14:15","slug":"o-onze-provavel-do-benfica-para-o-duelo-com-o-atletico","status":"publish","type":"post","link":"https:\/\/www.europesays.com\/pt\/160238\/","title":{"rendered":"o onze prov\u00e1vel do Benfica para o duelo com o Atl\u00e9tico"},"content":{"rendered":"<p>Face \u00e0s muitas les\u00f5es que assolam o plantel &#8211; casos de Pavlidis, Lukebakio e Sudakov &#8211; Jos\u00e9 Mourinho vai ser obrigado a fazer altera\u00e7\u00f5es para o embate &#8216;hist\u00f3rico&#8217; frente ao Atl\u00e9tico CP, esta sexta-feira, no est\u00e1dio do Restelo.<\/p>\n<p><a href=\"https:\/\/sportinforma.sapo.pt\/\" target=\"_blank\" rel=\"noreferrer noopener nofollow\">&#8211; Tudo sobre o desporto nacional e internacional em<b id=\"s-b-embed-692058096\" data-stringify-type=\"bold\">\u00a0<\/b><b>sportinforma.sapo.pt &#8211;<\/b><\/a><\/p>\n<p>Prev\u00ea-se assim a aposta em jogadores menos utilizados, mas numa equipa que se quer competitiva para evitar eventuais surpresas de prova rainha.<\/p>\n<p><a href=\"https:\/\/desporto.sapo.pt\/futebol\/fotos\/galeria-o-onze-provavel-do-benfica-para-o-duelo-com-o-atletico\" rel=\"nofollow noopener\" target=\"_blank\">Veja o onze prov\u00e1vel do Benfica<\/a><\/p>\n","protected":false},"excerpt":{"rendered":"Face \u00e0s muitas les\u00f5es que assolam o plantel &#8211; casos de Pavlidis, Lukebakio e Sudakov &#8211; Jos\u00e9 Mourinho&hellip;\n","protected":false},"author":2,"featured_media":83645,"comment_status":"","ping_status":"","sticky":false,"template":"","format":"standard","meta":{"footnotes":""},"categories":[8],"tags":[27,28,15,16,14,25,26,21,22,12,13,19,20,32,23,24,33,17,18,29,30,31],"class_list":{"0":"post-160238","1":"post","2":"type-post","3":"status-publish","4":"format-standard","5":"has-post-thumbnail","7":"category-principais-noticias","8":"tag-breaking-news","9":"tag-breakingnews","10":"tag-featured-news","11":"tag-featurednews","12":"tag-headlines","13":"tag-latest-news","14":"tag-latestnews","15":"tag-main-news","16":"tag-mainnews","17":"tag-news","18":"tag-noticias","19":"tag-noticias-principais","20":"tag-noticiasprincipais","21":"tag-portugal","22":"tag-principais-noticias","23":"tag-principaisnoticias","24":"tag-pt","25":"tag-top-stories","26":"tag-topstories","27":"tag-ultimas","28":"tag-ultimas-noticias","29":"tag-ultimasnoticias"},"share_on_mastodon":{"url":"https:\/\/pubeurope.com\/@pt\/115588816417072717","error":""},"_links":{"self":[{"href":"https:\/\/www.europesays.com\/pt\/wp-json\/wp\/v2\/posts\/160238","targetHints":{"allow":["GET"]}}],"collection":[{"href":"https:\/\/www.europesays.com\/pt\/wp-json\/wp\/v2\/posts"}],"about":[{"href":"https:\/\/www.europesays.com\/pt\/wp-json\/wp\/v2\/types\/post"}],"author":[{"embeddable":true,"href":"https:\/\/www.europesays.com\/pt\/wp-json\/wp\/v2\/users\/2"}],"replies":[{"embeddable":true,"href":"https:\/\/www.europesays.com\/pt\/wp-json\/wp\/v2\/comments?post=160238"}],"version-history":[{"count":0,"href":"https:\/\/www.europesays.com\/pt\/wp-json\/wp\/v2\/posts\/160238\/revisions"}],"wp:featuredmedia":[{"embeddable":true,"href":"https:\/\/www.europesays.com\/pt\/wp-json\/wp\/v2\/media\/83645"}],"wp:attachment":[{"href":"https:\/\/www.europesays.com\/pt\/wp-json\/wp\/v2\/media?parent=160238"}],"wp:term":[{"taxonomy":"category","embeddable":true,"href":"https:\/\/www.europesays.com\/pt\/wp-json\/wp\/v2\/categories?post=160238"},{"taxonomy":"post_tag","embeddable":true,"href":"https:\/\/www.europesays.com\/pt\/wp-json\/wp\/v2\/tags?post=160238"}],"curies":[{"name":"wp","href":"https:\/\/api.w.org\/{rel}","templated":true}]}}