{"id":160251,"date":"2025-11-21T17:23:21","date_gmt":"2025-11-21T17:23:21","guid":{"rendered":"https:\/\/www.europesays.com\/pt\/160251\/"},"modified":"2025-11-21T17:23:21","modified_gmt":"2025-11-21T17:23:21","slug":"candidata-portuguesa-a-miss-universo-presta-homenagem-a-celeste-caeiro","status":"publish","type":"post","link":"https:\/\/www.europesays.com\/pt\/160251\/","title":{"rendered":"Candidata portuguesa a Miss Universo presta homenagem a Celeste Caeiro"},"content":{"rendered":"<p>A candidata portuguesa a Miss Universo homenageou, durante o desfile de quarta-feira do evento que hoje terminou, Celeste Caeiro, a mulher que tornou o cravo s\u00edmbolo da Revolu\u00e7\u00e3o do 25 de Abril de 1974.<\/p>\n<p>Camila Vitorino, de 26 anos, envergou um vestido que faz lembrar um uniforme militar, adornado com cravos, com a bandeira da Rep\u00fablica Portuguesa e ainda duas fotografias emblem\u00e1ticas do 25 de Abril.<\/p>\n<p>Nas redes sociais, os promotores do evento em Portugal explicaram o significado do &#8220;Traje Nacional&#8221;, criado por Ant\u00f3nio Da Silva.<\/p>\n<p>&#8220;Presta homenagem a Celeste Caeiro, conhecida pelo gesto simb\u00f3lico que marcou a Revolu\u00e7\u00e3o dos Cravos. Durante esse momento hist\u00f3rico, ela ofereceu cravos aos soldados, gesto que acabou por representar a escolha da paz e o fim da ditadura. A uni\u00e3o entre o uniforme militar e o cravo no traje destaca a mensagem: transformar conflito em esperan\u00e7a&#8221;, real\u00e7am, acrescentando que as vestes s\u00e3o ainda &#8220;uma celebra\u00e7\u00e3o da coragem tranquila que ajudou a construir um novo cap\u00edtulo da hist\u00f3ria portuguesa&#8221;.<\/p>\n<blockquote class=\"instagram-media\" style=\"background: #FFF; border: 0; border-radius: 3px; box-shadow: 0 0 1px 0 rgba(0,0,0,0.5),0 1px 10px 0 rgba(0,0,0,0.15); margin: 1px; max-width: 540px; min-width: 326px; padding: 0; width: calc(100% - 2px);\" data-instgrm-captioned=\"\" data-instgrm-permalink=\"https:\/\/www.instagram.com\/reel\/DROny87E9nZ\/?utm_source=ig_embed&amp;utm_campaign=loading\" data-instgrm-version=\"14\"><p>&#13;<br \/>\n                                                    &#13;\n                                                    <\/p><\/blockquote>\n<p>J\u00e1 os f\u00e3s de Camila Vitorino, que entretanto j\u00e1 se sabe que n\u00e3o venceu o maior concurso de beleza do mundo, partilharam, tamb\u00e9m nas redes sociais, v\u00eddeos da sua presta\u00e7\u00e3o no Miss Universo 2025, que este ano se realizou na Tail\u00e2ndia.<\/p>\n<blockquote class=\"instagram-media\" style=\"background: #FFF; border: 0; border-radius: 3px; box-shadow: 0 0 1px 0 rgba(0,0,0,0.5),0 1px 10px 0 rgba(0,0,0,0.15); margin: 1px; max-width: 540px; min-width: 326px; padding: 0; width: calc(100% - 2px);\" data-instgrm-captioned=\"\" data-instgrm-permalink=\"https:\/\/www.instagram.com\/reel\/DROt5KiDFfR\/?utm_source=ig_embed&amp;utm_campaign=loading\" data-instgrm-version=\"14\"><p>&#13;<br \/>\n                                                    &#13;\n                                                    <\/p><\/blockquote>\n<p>Camila Vitorino tem 26 anos, \u00e9 casada, m\u00e3e de um menino de quase dois anos e est\u00e1 a marcar uma viragem hist\u00f3rica nos concursos de beleza, devido a este facto.\u00a0Natural de Set\u00fabal, tornou-se em 2025 a primeira mulher casada e com um filho a conquistar o t\u00edtulo de Miss Universo Portugal, abrindo caminho a uma nova era num meio que, durante d\u00e9cadas, restringiu o acesso \u00e0s participantes com fam\u00edlia constitu\u00edda.<\/p>\n<p>Este ano a grande vencededora do Miss Universo foi a candidata do M\u00e9xico, Fatima Bosch.<\/p>\n<p>Leia Tamb\u00e9m: <a href=\"https:\/\/www.noticiasaominuto.com\/mundo\/2892027\/apos-ser-chamada-de-burra-candidata-do-mexico-e-coroada-miss-universo\" target=\"_blank\" rel=\"noopener noreferrer nofollow\">Ap\u00f3s ser chamada de &#8220;burra&#8221;, candidata do M\u00e9xico \u00e9 coroada Miss Universo<\/a><\/p>\n<p>                                            <script async src=\"\/\/www.instagram.com\/embed.js\"><\/script><\/p>\n","protected":false},"excerpt":{"rendered":"A candidata portuguesa a Miss Universo homenageou, durante o desfile de quarta-feira do evento que hoje terminou, Celeste&hellip;\n","protected":false},"author":2,"featured_media":160252,"comment_status":"","ping_status":"","sticky":false,"template":"","format":"standard","meta":{"footnotes":""},"categories":[85],"tags":[114,115,32,33],"class_list":{"0":"post-160251","1":"post","2":"type-post","3":"status-publish","4":"format-standard","5":"has-post-thumbnail","7":"category-entretenimento","8":"tag-entertainment","9":"tag-entretenimento","10":"tag-portugal","11":"tag-pt"},"share_on_mastodon":{"url":"https:\/\/pubeurope.com\/@pt\/115588851549571184","error":""},"_links":{"self":[{"href":"https:\/\/www.europesays.com\/pt\/wp-json\/wp\/v2\/posts\/160251","targetHints":{"allow":["GET"]}}],"collection":[{"href":"https:\/\/www.europesays.com\/pt\/wp-json\/wp\/v2\/posts"}],"about":[{"href":"https:\/\/www.europesays.com\/pt\/wp-json\/wp\/v2\/types\/post"}],"author":[{"embeddable":true,"href":"https:\/\/www.europesays.com\/pt\/wp-json\/wp\/v2\/users\/2"}],"replies":[{"embeddable":true,"href":"https:\/\/www.europesays.com\/pt\/wp-json\/wp\/v2\/comments?post=160251"}],"version-history":[{"count":0,"href":"https:\/\/www.europesays.com\/pt\/wp-json\/wp\/v2\/posts\/160251\/revisions"}],"wp:featuredmedia":[{"embeddable":true,"href":"https:\/\/www.europesays.com\/pt\/wp-json\/wp\/v2\/media\/160252"}],"wp:attachment":[{"href":"https:\/\/www.europesays.com\/pt\/wp-json\/wp\/v2\/media?parent=160251"}],"wp:term":[{"taxonomy":"category","embeddable":true,"href":"https:\/\/www.europesays.com\/pt\/wp-json\/wp\/v2\/categories?post=160251"},{"taxonomy":"post_tag","embeddable":true,"href":"https:\/\/www.europesays.com\/pt\/wp-json\/wp\/v2\/tags?post=160251"}],"curies":[{"name":"wp","href":"https:\/\/api.w.org\/{rel}","templated":true}]}}