{"id":160256,"date":"2025-11-21T17:27:17","date_gmt":"2025-11-21T17:27:17","guid":{"rendered":"https:\/\/www.europesays.com\/pt\/160256\/"},"modified":"2025-11-21T17:27:17","modified_gmt":"2025-11-21T17:27:17","slug":"pack-com-tudo-incluido-chegava-aos-20-mil-euros-criminosos-cobravam-mais-a-imigrantes-do-bangladesh-e-do-nepal","status":"publish","type":"post","link":"https:\/\/www.europesays.com\/pt\/160256\/","title":{"rendered":"Pack com tudo inclu\u00eddo chegava aos 20 mil euros: criminosos cobravam mais a imigrantes do Bangladesh e do Nepal"},"content":{"rendered":"<p>No pacote com tudo inclu\u00eddo, e que podia chegar aos 20 mil euros, constava um contrato de trabalho, n\u00famero de contribuinte, n\u00famero da Seguran\u00e7a Social, n\u00famero de utente do SNS, certifica\u00e7\u00e3o do registo criminal, abertura de conta banc\u00e1ria e atestado de resid\u00eancia.<\/p>\n<p class=\"category\"><a href=\"https:\/\/expresso.pt\/podcasts\/the-heart-and-hustle-of-portugal\" rel=\"nofollow noopener\" target=\"_blank\">The Heart and Hustle of Portugal<\/a><\/p>\n<p class=\"follow-link\"><a href=\"https:\/\/expresso.pt\/podcasts\/the-heart-and-hustle-of-portugal\/2025-11-21-griffin-dunne-senti-uma-enorme-tristeza-ao-acabar-de-escrever-e-ver-que-as-pessoas-que-coloquei-naquelas-paginas-ja-nao-estavam-vivas-206180ca\" rel=\"canonical nofollow noopener\" target=\"_blank\">Leia tamb\u00e9m<\/a><\/p>\n<p>Neste podcast di\u00e1rio, Paulo Baldaia conversa com os jornalistas da reda\u00e7\u00e3o do Expresso, correspondentes internacionais e comentadores. De segunda a sexta-feira, a an\u00e1lise das not\u00edcias que sobrevivem \u00e0 espuma dos dias. Oi\u00e7a aqui outros epis\u00f3dios:<\/p>\n","protected":false},"excerpt":{"rendered":"No pacote com tudo inclu\u00eddo, e que podia chegar aos 20 mil euros, constava um contrato de trabalho,&hellip;\n","protected":false},"author":2,"featured_media":131045,"comment_status":"","ping_status":"","sticky":false,"template":"","format":"standard","meta":{"footnotes":""},"categories":[10],"tags":[27,28,15,16,14,25,26,21,22,12,13,19,20,32,23,24,33,17,18,29,30,31],"class_list":{"0":"post-160256","1":"post","2":"type-post","3":"status-publish","4":"format-standard","5":"has-post-thumbnail","7":"category-portugal","8":"tag-breaking-news","9":"tag-breakingnews","10":"tag-featured-news","11":"tag-featurednews","12":"tag-headlines","13":"tag-latest-news","14":"tag-latestnews","15":"tag-main-news","16":"tag-mainnews","17":"tag-news","18":"tag-noticias","19":"tag-noticias-principais","20":"tag-noticiasprincipais","21":"tag-portugal","22":"tag-principais-noticias","23":"tag-principaisnoticias","24":"tag-pt","25":"tag-top-stories","26":"tag-topstories","27":"tag-ultimas","28":"tag-ultimas-noticias","29":"tag-ultimasnoticias"},"share_on_mastodon":{"url":"https:\/\/pubeurope.com\/@pt\/115588867387922453","error":""},"_links":{"self":[{"href":"https:\/\/www.europesays.com\/pt\/wp-json\/wp\/v2\/posts\/160256","targetHints":{"allow":["GET"]}}],"collection":[{"href":"https:\/\/www.europesays.com\/pt\/wp-json\/wp\/v2\/posts"}],"about":[{"href":"https:\/\/www.europesays.com\/pt\/wp-json\/wp\/v2\/types\/post"}],"author":[{"embeddable":true,"href":"https:\/\/www.europesays.com\/pt\/wp-json\/wp\/v2\/users\/2"}],"replies":[{"embeddable":true,"href":"https:\/\/www.europesays.com\/pt\/wp-json\/wp\/v2\/comments?post=160256"}],"version-history":[{"count":0,"href":"https:\/\/www.europesays.com\/pt\/wp-json\/wp\/v2\/posts\/160256\/revisions"}],"wp:featuredmedia":[{"embeddable":true,"href":"https:\/\/www.europesays.com\/pt\/wp-json\/wp\/v2\/media\/131045"}],"wp:attachment":[{"href":"https:\/\/www.europesays.com\/pt\/wp-json\/wp\/v2\/media?parent=160256"}],"wp:term":[{"taxonomy":"category","embeddable":true,"href":"https:\/\/www.europesays.com\/pt\/wp-json\/wp\/v2\/categories?post=160256"},{"taxonomy":"post_tag","embeddable":true,"href":"https:\/\/www.europesays.com\/pt\/wp-json\/wp\/v2\/tags?post=160256"}],"curies":[{"name":"wp","href":"https:\/\/api.w.org\/{rel}","templated":true}]}}