{"id":160257,"date":"2025-11-21T17:28:11","date_gmt":"2025-11-21T17:28:11","guid":{"rendered":"https:\/\/www.europesays.com\/pt\/160257\/"},"modified":"2025-11-21T17:28:11","modified_gmt":"2025-11-21T17:28:11","slug":"portugal-bate-a-suica-e-avanca-para-as-meias-do-mundial-sub-17","status":"publish","type":"post","link":"https:\/\/www.europesays.com\/pt\/160257\/","title":{"rendered":"Portugal bate a Su\u00ed\u00e7a e avan\u00e7a para as &#8216;meias&#8217; do Mundial sub-17"},"content":{"rendered":"<p class=\"category\"><a href=\"https:\/\/sicnoticias.pt\/desporto\/futebol-internacional\" rel=\"nofollow noopener\" target=\"_blank\">Futebol Internacional<\/a><\/p>\n<p class=\"g-article-lead lead\" data-field=\"lead\">Os golos do encontro foram marcados por Mateus Mide, avan\u00e7ado do FC Porto, e Jos\u00e9 Neto, defesa do Benfica. Portugal ir\u00e1 defrontar nas &#8216;meias&#8217; do Mundial sub-17 a sele\u00e7\u00e3o do Brasil ou a do Marrocos, que est\u00e3o a jogar neste momento.<\/p>\n<p><img decoding=\"async\" src=\"https:\/\/www.europesays.com\/pt\/wp-content\/uploads\/2025\/11\/1763746091_661_original.webp\" alt=\"Sele\u00e7\u00e3o Nacional de sub-17\"\/><\/p>\n<p>Sele\u00e7\u00e3o Nacional de sub-17<\/p>\n<p>Jurij Kodrun &#8211; FIFA<\/p>\n<p style=\"text-align: start;\"><strong>A Sele\u00e7\u00e3o Nacional de sub-17 derrotou esta sexta-feira a Su\u00ed\u00e7a, por 2-0, nos quartos de final do Campeonato do Mundo da categoria. Portugal alcan\u00e7ou um feito in\u00e9dito ao chegar pela primeira vez nas &#8216;meias&#8217; da competi\u00e7\u00e3o.<\/strong><\/p>\n<p style=\"text-align: start;\">Os golos do encontro foram marcados por Mateus Mide, avan\u00e7ado do FC Porto, e Jos\u00e9 Neto, defesa do Benfica, ambos nascidos em 2008.<\/p>\n<p style=\"text-align: start;\">Portugal ir\u00e1 defrontar na pr\u00f3xima fase a sele\u00e7\u00e3o do Brasil ou a do Marrocos, que est\u00e3o a jogar neste momento. <\/p>\n<p>Sele\u00e7\u00e3o j\u00e1 subiu ao p\u00f3dio no sub-16<\/p>\n<p style=\"text-align: start;\">Esta \u00e9 primeira vez que Portugal chega \u00e0s meias-finais do Mundial de sub-17, ap\u00f3s ter sido eliminado nos &#8216;quartos&#8217; em 1995 e 2003. <\/p>\n<p style=\"text-align: start;\">No entanto, em 1989, quando o torneio ainda era de sub-16, a Sele\u00e7\u00e3o Nacional alcan\u00e7ou a sua melhor presta\u00e7\u00e3o, ao terminar no terceiro lugar.<\/p>\n","protected":false},"excerpt":{"rendered":"Futebol Internacional Os golos do encontro foram marcados por Mateus Mide, avan\u00e7ado do FC Porto, e Jos\u00e9 Neto,&hellip;\n","protected":false},"author":2,"featured_media":160258,"comment_status":"","ping_status":"","sticky":false,"template":"","format":"standard","meta":{"footnotes":""},"categories":[8],"tags":[27,28,15,16,14,25,26,21,22,12,13,19,20,32,23,24,33,17,18,29,30,31],"class_list":{"0":"post-160257","1":"post","2":"type-post","3":"status-publish","4":"format-standard","5":"has-post-thumbnail","7":"category-principais-noticias","8":"tag-breaking-news","9":"tag-breakingnews","10":"tag-featured-news","11":"tag-featurednews","12":"tag-headlines","13":"tag-latest-news","14":"tag-latestnews","15":"tag-main-news","16":"tag-mainnews","17":"tag-news","18":"tag-noticias","19":"tag-noticias-principais","20":"tag-noticiasprincipais","21":"tag-portugal","22":"tag-principais-noticias","23":"tag-principaisnoticias","24":"tag-pt","25":"tag-top-stories","26":"tag-topstories","27":"tag-ultimas","28":"tag-ultimas-noticias","29":"tag-ultimasnoticias"},"share_on_mastodon":{"url":"https:\/\/pubeurope.com\/@pt\/115588871557449086","error":""},"_links":{"self":[{"href":"https:\/\/www.europesays.com\/pt\/wp-json\/wp\/v2\/posts\/160257","targetHints":{"allow":["GET"]}}],"collection":[{"href":"https:\/\/www.europesays.com\/pt\/wp-json\/wp\/v2\/posts"}],"about":[{"href":"https:\/\/www.europesays.com\/pt\/wp-json\/wp\/v2\/types\/post"}],"author":[{"embeddable":true,"href":"https:\/\/www.europesays.com\/pt\/wp-json\/wp\/v2\/users\/2"}],"replies":[{"embeddable":true,"href":"https:\/\/www.europesays.com\/pt\/wp-json\/wp\/v2\/comments?post=160257"}],"version-history":[{"count":0,"href":"https:\/\/www.europesays.com\/pt\/wp-json\/wp\/v2\/posts\/160257\/revisions"}],"wp:featuredmedia":[{"embeddable":true,"href":"https:\/\/www.europesays.com\/pt\/wp-json\/wp\/v2\/media\/160258"}],"wp:attachment":[{"href":"https:\/\/www.europesays.com\/pt\/wp-json\/wp\/v2\/media?parent=160257"}],"wp:term":[{"taxonomy":"category","embeddable":true,"href":"https:\/\/www.europesays.com\/pt\/wp-json\/wp\/v2\/categories?post=160257"},{"taxonomy":"post_tag","embeddable":true,"href":"https:\/\/www.europesays.com\/pt\/wp-json\/wp\/v2\/tags?post=160257"}],"curies":[{"name":"wp","href":"https:\/\/api.w.org\/{rel}","templated":true}]}}